{"id":3565,"date":"2017-08-25T20:00:00","date_gmt":"2017-08-25T20:00:00","guid":{"rendered":"https:\/\/saloanoticias.mrmediaweb.com\/v1\/2017\/08\/25\/policia-militar-de-saloa-recebe-uma-nova-viatura\/"},"modified":"2017-08-25T20:00:00","modified_gmt":"2017-08-25T20:00:00","slug":"policia-militar-de-saloa-recebe-uma-nova-viatura","status":"publish","type":"post","link":"https:\/\/www.saloanoticias.com\/v1\/policia-militar-de-saloa-recebe-uma-nova-viatura\/","title":{"rendered":"POL\u00cdCIA MILITAR DE SALO\u00c1\/PE RECEBE UMA NOVA VIATURA"},"content":{"rendered":"<p align=\"justify\"><font size=\"3\" face=\"Arial\"><a href=\"http:\/\/www.saloanoticias.com\/images\/20915347_1438919146173648_299408446778175633_n_b785fe92bab1da88b242257838f144c6.jpg\"><img loading=\"lazy\" decoding=\"async\" title=\"20915347_1438919146173648_299408446778175633_n\" style=\"border-top: 0px; border-right: 0px; background-image: none; border-bottom: 0px; float: none; padding-top: 0px; padding-left: 0px; margin: 0px auto 10px; border-left: 0px; display: block; padding-right: 0px\" border=\"0\" alt=\"20915347_1438919146173648_299408446778175633_n\" src=\"http:\/\/www.saloanoticias.com\/v1\/wp-content\/uploads\/imagens\/20915347_1438919146173648_299408446778175633_n_thumb_1e8d46da476eafe4e103d7d390c4e75c.jpg\" width=\"1486\" height=\"892\"><\/a>O Destacamento da Pol\u00edcia Militar no Munic\u00edpio de Salo\u00e1\/PE recebeu esta semana uma viatura Hilux 0Km para ser usada no combate a criminalidade que vem tirando o sossego da popula\u00e7\u00e3o. O ve\u00edculo vem refor\u00e7ar as a\u00e7\u00f5es que est\u00e3o sendo implantadas pelo governo para diminuir os n\u00fameros de assaltos, roubos e homic\u00eddios em toda a regi\u00e3o. A nova viatura servir\u00e1 de apoio tamb\u00e9m para a vizinha cidade de Paranatama\/PE, j\u00e1 que l\u00e1, tamb\u00e9m existe o d\u00e9ficit de carro para os policiais.<\/font><\/p>\n<p><a href=\"http:\/\/www.saloanoticias.com\/images\/20994375_1441196825945880_4775476556754346888_n_55583e43f2b57b8cd8081514c50f1900.jpg\"><img loading=\"lazy\" decoding=\"async\" title=\"20994375_1441196825945880_4775476556754346888_n\" style=\"border-top: 0px; border-right: 0px; background-image: none; border-bottom: 0px; float: none; padding-top: 0px; padding-left: 0px; margin-left: auto; border-left: 0px; display: block; padding-right: 0px; margin-right: auto\" border=\"0\" alt=\"20994375_1441196825945880_4775476556754346888_n\" src=\"http:\/\/www.saloanoticias.com\/v1\/wp-content\/uploads\/imagens\/20994375_1441196825945880_4775476556754346888_n_thumb_233f2b4eb271ea0e76e71b2d6e6fae34.jpg\" width=\"1476\" height=\"941\"><\/a><\/p>\n<p align=\"justify\"><font size=\"3\" face=\"Arial\">A nova viatura de placa PCQ &#8211; 1405 j\u00e1 est\u00e1 sendo vista transitando pelas ruas da cidade e dar\u00e1 mais tranquilidade aos moradores, pois, os policiais ter\u00e3o mais rapidez na desloca\u00e7\u00e3o da base da Guarni\u00e7\u00e3o at\u00e9 o local do crime. Este ve\u00edculo foi um dos entregues ao 9\u00ba Batalh\u00e3o de Garanhuns pelo Governador Paulo C\u00e2mara no final do m\u00eas passado e faz parte do programa \u201cPacto Pela Vida\u201d que foi implantado ainda no governo de Eduardo Campos.<\/font><\/p>\n<div style=\"margin-top: 0px; margin-bottom: 0px;\" class=\"sharethis-inline-share-buttons\" ><\/div>","protected":false},"excerpt":{"rendered":"<p>O Destacamento da Pol\u00edcia Militar no Munic\u00edpio de Salo\u00e1\/PE recebeu esta semana uma viatura Hilux 0Km para ser usada no combate a criminalidade que vem tirando o sossego da popula\u00e7\u00e3o. O ve\u00edculo vem refor\u00e7ar as a\u00e7\u00f5es que est\u00e3o sendo implantadas pelo governo para diminuir os n\u00fameros de assaltos, roubos e homic\u00eddios em toda a regi\u00e3o. [&hellip;]<\/p>\n","protected":false},"author":1,"featured_media":0,"comment_status":"open","ping_status":"open","sticky":false,"template":"","format":"standard","meta":{"footnotes":""},"categories":[2],"tags":[],"class_list":["post-3565","post","type-post","status-publish","format-standard","hentry","category-noticias-do-dia"],"_links":{"self":[{"href":"https:\/\/www.saloanoticias.com\/v1\/wp-json\/wp\/v2\/posts\/3565","targetHints":{"allow":["GET"]}}],"collection":[{"href":"https:\/\/www.saloanoticias.com\/v1\/wp-json\/wp\/v2\/posts"}],"about":[{"href":"https:\/\/www.saloanoticias.com\/v1\/wp-json\/wp\/v2\/types\/post"}],"author":[{"embeddable":true,"href":"https:\/\/www.saloanoticias.com\/v1\/wp-json\/wp\/v2\/users\/1"}],"replies":[{"embeddable":true,"href":"https:\/\/www.saloanoticias.com\/v1\/wp-json\/wp\/v2\/comments?post=3565"}],"version-history":[{"count":0,"href":"https:\/\/www.saloanoticias.com\/v1\/wp-json\/wp\/v2\/posts\/3565\/revisions"}],"wp:attachment":[{"href":"https:\/\/www.saloanoticias.com\/v1\/wp-json\/wp\/v2\/media?parent=3565"}],"wp:term":[{"taxonomy":"category","embeddable":true,"href":"https:\/\/www.saloanoticias.com\/v1\/wp-json\/wp\/v2\/categories?post=3565"},{"taxonomy":"post_tag","embeddable":true,"href":"https:\/\/www.saloanoticias.com\/v1\/wp-json\/wp\/v2\/tags?post=3565"}],"curies":[{"name":"wp","href":"https:\/\/api.w.org\/{rel}","templated":true}]}}