{"id":3564,"date":"2017-08-25T16:39:00","date_gmt":"2017-08-25T16:39:00","guid":{"rendered":"https:\/\/saloanoticias.mrmediaweb.com\/v1\/2017\/08\/25\/nota-de-falecimento-carlos-alberto-correia-da-silva-gole\/"},"modified":"2017-08-25T16:39:00","modified_gmt":"2017-08-25T16:39:00","slug":"nota-de-falecimento-carlos-alberto-correia-da-silva-gole","status":"publish","type":"post","link":"https:\/\/www.saloanoticias.com\/v1\/nota-de-falecimento-carlos-alberto-correia-da-silva-gole\/","title":{"rendered":"NOTA DE FALECIMENTO: CARLOS ALBERTO CORREIA DA SILVA (GOLE)"},"content":{"rendered":"<p align=\"justify\"><font size=\"3\" face=\"Arial\"><a href=\"http:\/\/www.saloanoticias.com\/images\/20915347_1438919146173648_299408446778175633_n_c3b03836cde647f78c24d6ced9397576.jpg\"><img loading=\"lazy\" decoding=\"async\" title=\"20915347_1438919146173648_299408446778175633_n\" style=\"border-top: 0px; border-right: 0px; background-image: none; border-bottom: 0px; float: left; padding-top: 0px; padding-left: 0px; margin: 5px 5px 0px 0px; border-left: 0px; display: inline; padding-right: 0px\" border=\"0\" alt=\"20915347_1438919146173648_299408446778175633_n\" src=\"http:\/\/www.saloanoticias.com\/v1\/wp-content\/uploads\/imagens\/20915347_1438919146173648_299408446778175633_n_thumb_82d26f4762fd00013424616ab21b22b1.jpg\" width=\"233\" align=\"left\" height=\"240\"><\/a>Faleceu na manh\u00e3 desta sexta-feira, dia 25 de agosto de 2017, o jovem Carlos Alberto Correia da Silva, o popular \u201cGole\u201d, de apenas 33 anos de idade neto de Jaime Farinha Azeda (in memorian) e Dona Ci\u00e7a. Segundo as informa\u00e7\u00f5es repassadas pela fam\u00edlia, ele se sentiu mal na noite de ontem (24) e foi dormir. Hoje pela manh\u00e3 os familiares perceberam que ele n\u00e3o se levantou no hor\u00e1rio de costume e foram verificar o que havia acontecido, e, chegando no quarto o encontraram j\u00e1 sem vida. <\/font><font size=\"3\" face=\"Arial\">O corpo est\u00e1 sendo velado na resid\u00eancia da fam\u00edlia na Rua Jos\u00e9 Rodrigues, n.\u00ba 02, no centro da cidade, de onde sair\u00e1 para ser sepultado \u00e0s 9h da manh\u00e3 deste s\u00e1bado (26) no cemit\u00e9rio de Santa Quit\u00e9ria. Infelizmente parte para a eternidade mais um jovem saloaense v\u00edtima do alcoolismo.<\/font><\/p>\n<div style=\"margin-top: 0px; margin-bottom: 0px;\" class=\"sharethis-inline-share-buttons\" ><\/div>","protected":false},"excerpt":{"rendered":"<p>Faleceu na manh\u00e3 desta sexta-feira, dia 25 de agosto de 2017, o jovem Carlos Alberto Correia da Silva, o popular \u201cGole\u201d, de apenas 33 anos de idade neto de Jaime Farinha Azeda (in memorian) e Dona Ci\u00e7a. Segundo as informa\u00e7\u00f5es repassadas pela fam\u00edlia, ele se sentiu mal na noite de ontem (24) e foi dormir. [&hellip;]<\/p>\n","protected":false},"author":1,"featured_media":0,"comment_status":"open","ping_status":"open","sticky":false,"template":"","format":"standard","meta":{"footnotes":""},"categories":[2],"tags":[],"class_list":["post-3564","post","type-post","status-publish","format-standard","hentry","category-noticias-do-dia"],"_links":{"self":[{"href":"https:\/\/www.saloanoticias.com\/v1\/wp-json\/wp\/v2\/posts\/3564","targetHints":{"allow":["GET"]}}],"collection":[{"href":"https:\/\/www.saloanoticias.com\/v1\/wp-json\/wp\/v2\/posts"}],"about":[{"href":"https:\/\/www.saloanoticias.com\/v1\/wp-json\/wp\/v2\/types\/post"}],"author":[{"embeddable":true,"href":"https:\/\/www.saloanoticias.com\/v1\/wp-json\/wp\/v2\/users\/1"}],"replies":[{"embeddable":true,"href":"https:\/\/www.saloanoticias.com\/v1\/wp-json\/wp\/v2\/comments?post=3564"}],"version-history":[{"count":0,"href":"https:\/\/www.saloanoticias.com\/v1\/wp-json\/wp\/v2\/posts\/3564\/revisions"}],"wp:attachment":[{"href":"https:\/\/www.saloanoticias.com\/v1\/wp-json\/wp\/v2\/media?parent=3564"}],"wp:term":[{"taxonomy":"category","embeddable":true,"href":"https:\/\/www.saloanoticias.com\/v1\/wp-json\/wp\/v2\/categories?post=3564"},{"taxonomy":"post_tag","embeddable":true,"href":"https:\/\/www.saloanoticias.com\/v1\/wp-json\/wp\/v2\/tags?post=3564"}],"curies":[{"name":"wp","href":"https:\/\/api.w.org\/{rel}","templated":true}]}}