{"id":3547,"date":"2017-08-14T22:11:00","date_gmt":"2017-08-14T22:11:00","guid":{"rendered":"https:\/\/saloanoticias.mrmediaweb.com\/v1\/2017\/08\/14\/filho-de-caetes-assume-o-cargo-de-procurador-de-justica-do-estado\/"},"modified":"2017-08-14T22:11:00","modified_gmt":"2017-08-14T22:11:00","slug":"filho-de-caetes-assume-o-cargo-de-procurador-de-justica-do-estado","status":"publish","type":"post","link":"https:\/\/www.saloanoticias.com\/v1\/filho-de-caetes-assume-o-cargo-de-procurador-de-justica-do-estado\/","title":{"rendered":"FILHO DE CAET\u00c9S\/PE ASSUME O CARGO DE PROCURADOR DE JUSTI\u00c7A DO ESTADO"},"content":{"rendered":"<p align=\"justify\"><font size=\"3\" face=\"Arial\"><a href=\"http:\/\/www.saloanoticias.com\/images\/thumbnail_foto-zuzu.jpg\"><img loading=\"lazy\" decoding=\"async\" title=\"thumbnail_foto zuzu\" style=\"border-top: 0px; border-right: 0px; background-image: none; border-bottom: 0px; float: left; padding-top: 0px; padding-left: 0px; margin: 5px 5px 0px 0px; border-left: 0px; display: inline; padding-right: 0px\" border=\"0\" alt=\"thumbnail_foto zuzu\" src=\"http:\/\/www.saloanoticias.com\/v1\/wp-content\/uploads\/imagens\/thumbnail_foto-zuzu_thumb.jpg\" width=\"240\" align=\"left\" height=\"223\"><\/a>\u201cDebaixo do c\u00e9u h\u00e1 momento para tudo e tempo certo para cada coisa: tempo nascer e tempo para morrer; tempo para plantar e tempo para arrancar a planta\u201d. Foi citando a Escritura Sagrada, mais precisamente o livro de Eclesiastes, que o mais novo membro do Egr\u00e9gio Col\u00e9gio de Procuradores de Justi\u00e7a de Pernambuco, Dr. Jos\u00e9 Correia de Ara\u00fajo, iniciou seu discurso de posse no mais alto posto do Minist\u00e9rio P\u00fablico, ap\u00f3s 24 anos exercendo o cargo de Promotor de justi\u00e7a. <\/font><font size=\"3\" face=\"Arial\">Dr. Jos\u00e9 Correia agora procurador de Justi\u00e7a Criminal do Estado, \u00e9 natural de Caet\u00e9s-PE, de fam\u00edlia humilde, seu pai Alfredo Correia de Ara\u00fajo era agricultor e a sua m\u00e3e Rosa Leopoldina de Ara\u00fajo do lar.<\/font><\/p>\n<p align=\"justify\"><font size=\"3\" face=\"Arial\">O filho ilustre da Terra da Energia E\u00f3lica Pernambucana, foi o primeiro aluno matriculado no Col\u00e9gio Municipal da cidade natal, sempre se destacou entre os melhores alunos e chegou a exercer o cargo de professor no mesmo col\u00e9gio. Foi funcion\u00e1rio da prefeitura de Caet\u00e9s e cedido \u00e0 antiga FIAM (Funda\u00e7\u00e3o de Desenvolvimento Municipal do Interior de Pernambuco), aprovado no vestibular de direito, se mudou para Olinda onde concluiu o bacharelado, com o ingresso na OAB (Ordem dos Advogados do Brasil), prestou concurso e foi aprovado para o cargo de delegado que exerceu por sete anos at\u00e9 obter mais uma conquista, a aprovado para cargo de promotor de justi\u00e7a.<\/font><\/p>\n<p align=\"justify\"><font size=\"3\" face=\"Arial\">Na \u00faltima quinta-feira passada, dia 10 de agosto, tomou posse no cargo de Procurador do Minist\u00e9rio P\u00fablico estadual. <\/font><font size=\"3\" face=\"Arial\">A promo\u00e7\u00e3o do caeteense ao cargo m\u00e1ximo da institui\u00e7\u00e3o de justi\u00e7a estadual foi not\u00edcia no munic\u00edpio e motivo de orgulho para a fam\u00edlia Correia de Ara\u00fajo que recebeu os cumprimentos do atual prefeito de Caet\u00e9s e amigo da fam\u00edlia, Armando Duarte e outras autoridades do lugar.<\/font><\/p>\n<div style=\"margin-top: 0px; margin-bottom: 0px;\" class=\"sharethis-inline-share-buttons\" ><\/div>","protected":false},"excerpt":{"rendered":"<p>\u201cDebaixo do c\u00e9u h\u00e1 momento para tudo e tempo certo para cada coisa: tempo nascer e tempo para morrer; tempo para plantar e tempo para arrancar a planta\u201d. Foi citando a Escritura Sagrada, mais precisamente o livro de Eclesiastes, que o mais novo membro do Egr\u00e9gio Col\u00e9gio de Procuradores de Justi\u00e7a de Pernambuco, Dr. Jos\u00e9 [&hellip;]<\/p>\n","protected":false},"author":1,"featured_media":0,"comment_status":"open","ping_status":"open","sticky":false,"template":"","format":"standard","meta":{"footnotes":""},"categories":[2],"tags":[],"class_list":["post-3547","post","type-post","status-publish","format-standard","hentry","category-noticias-do-dia"],"_links":{"self":[{"href":"https:\/\/www.saloanoticias.com\/v1\/wp-json\/wp\/v2\/posts\/3547","targetHints":{"allow":["GET"]}}],"collection":[{"href":"https:\/\/www.saloanoticias.com\/v1\/wp-json\/wp\/v2\/posts"}],"about":[{"href":"https:\/\/www.saloanoticias.com\/v1\/wp-json\/wp\/v2\/types\/post"}],"author":[{"embeddable":true,"href":"https:\/\/www.saloanoticias.com\/v1\/wp-json\/wp\/v2\/users\/1"}],"replies":[{"embeddable":true,"href":"https:\/\/www.saloanoticias.com\/v1\/wp-json\/wp\/v2\/comments?post=3547"}],"version-history":[{"count":0,"href":"https:\/\/www.saloanoticias.com\/v1\/wp-json\/wp\/v2\/posts\/3547\/revisions"}],"wp:attachment":[{"href":"https:\/\/www.saloanoticias.com\/v1\/wp-json\/wp\/v2\/media?parent=3547"}],"wp:term":[{"taxonomy":"category","embeddable":true,"href":"https:\/\/www.saloanoticias.com\/v1\/wp-json\/wp\/v2\/categories?post=3547"},{"taxonomy":"post_tag","embeddable":true,"href":"https:\/\/www.saloanoticias.com\/v1\/wp-json\/wp\/v2\/tags?post=3547"}],"curies":[{"name":"wp","href":"https:\/\/api.w.org\/{rel}","templated":true}]}}