{"id":3545,"date":"2017-08-14T10:00:00","date_gmt":"2017-08-14T10:00:00","guid":{"rendered":"https:\/\/saloanoticias.mrmediaweb.com\/v1\/2017\/08\/14\/paulo-camara-e-lula-devem-caminhar-juntos-em-2018\/"},"modified":"2017-08-14T10:00:00","modified_gmt":"2017-08-14T10:00:00","slug":"paulo-camara-e-lula-devem-caminhar-juntos-em-2018","status":"publish","type":"post","link":"https:\/\/www.saloanoticias.com\/v1\/paulo-camara-e-lula-devem-caminhar-juntos-em-2018\/","title":{"rendered":"PAULO C\u00c2MARA E LULA DEVER\u00c3O CAMINHAR JUNTOS EM 2018"},"content":{"rendered":"<p align=\"justify\"><font size=\"3\" face=\"Arial\"><a href=\"http:\/\/www.saloanoticias.com\/images\/paulo-camara-lula-580x387_ad7637c395e1cc0b8678fadc75fda8a2.jpg\"><img loading=\"lazy\" decoding=\"async\" title=\"paulo-camara-lula-580x387\" style=\"border-top: 0px; border-right: 0px; background-image: none; border-bottom: 0px; float: none; padding-top: 0px; padding-left: 0px; margin: 0px auto 10px; border-left: 0px; display: block; padding-right: 0px\" border=\"0\" alt=\"paulo-camara-lula-580x387\" src=\"http:\/\/www.saloanoticias.com\/v1\/wp-content\/uploads\/imagens\/paulo-camara-lula-580x387_thumb_624b189315604cb340f52c90624211ca.jpg\" width=\"1514\" height=\"1010\"><\/a>Conforme o blog do Roberto Almeida j\u00e1 havia divulgado,&nbsp; ontem \u00e0 tarde, o governador de Pernambuco, Paulo C\u00e2mara (PSB), ofereceu um almo\u00e7o ao ex-prefeito de S\u00e3o Paulo, Fernando Haddad, filiado ao PT e nome que encabe\u00e7a o \u201cplano B\u201d, do Partido dos Trabalhadores, caso Lula seja impedido de ser candidato. <\/font><font size=\"3\" face=\"Arial\">At\u00e9 a hora que fizemos a postagem, n\u00e3o havia registro fotogr\u00e1fico do encontro entre o socialista e o petista. <\/font><font size=\"3\" face=\"Arial\">Mais ainda na tarde passada, por\u00e9m, a Secretaria de Imprensa do Estado divulgou fotos do encontro entre C\u00e2mara e Haddad.<\/font> <\/p>\n<p align=\"justify\"><a href=\"http:\/\/www.saloanoticias.com\/images\/roberto-pereira-1.jpg\"><img loading=\"lazy\" decoding=\"async\" title=\"Roberto Pereira 1\" style=\"border-top: 0px; border-right: 0px; background-image: none; border-bottom: 0px; float: none; padding-top: 0px; padding-left: 0px; margin-left: auto; border-left: 0px; display: block; padding-right: 0px; margin-right: auto\" border=\"0\" alt=\"Roberto Pereira 1\" src=\"http:\/\/www.saloanoticias.com\/v1\/wp-content\/uploads\/imagens\/roberto-pereira-1_thumb.jpg\" width=\"1507\" height=\"968\"><\/a> <\/p>\n<p align=\"justify\"><font size=\"3\" face=\"Arial\">Durante o almo\u00e7o, no Pal\u00e1cio do Governo, estiveram presentes tamb\u00e9m o presidente do PSB de Pernambuco, Sileno Guedes, e o Chefe da Casa Civil da gest\u00e3o estadual, Ant\u00f4nio Figueira. <\/font><font size=\"3\" face=\"Arial\">O gesto do governador, oferecendo o almo\u00e7o ao paulista, confirma que h\u00e1 uma aproxima\u00e7\u00e3o de Paulo C\u00e2mara com os petistas, principalmente depois da conversa entre o l\u00edder socialista e o ex-presidente Lula. A divulga\u00e7\u00e3o das imagens dos dois pol\u00edticos juntos no Pal\u00e1cio das Princesas, pela pr\u00f3pria assessoria do governador, confirma o \u201cnamoro\u201d entre o PSB de Pernambuco e o PT nacional. <strong><font size=\"2\">Fonte: Blog do Roberto Almeida<\/font><\/strong><\/font><\/p>\n<div style=\"margin-top: 0px; margin-bottom: 0px;\" class=\"sharethis-inline-share-buttons\" ><\/div>","protected":false},"excerpt":{"rendered":"<p>Conforme o blog do Roberto Almeida j\u00e1 havia divulgado,&nbsp; ontem \u00e0 tarde, o governador de Pernambuco, Paulo C\u00e2mara (PSB), ofereceu um almo\u00e7o ao ex-prefeito de S\u00e3o Paulo, Fernando Haddad, filiado ao PT e nome que encabe\u00e7a o \u201cplano B\u201d, do Partido dos Trabalhadores, caso Lula seja impedido de ser candidato. At\u00e9 a hora que fizemos [&hellip;]<\/p>\n","protected":false},"author":1,"featured_media":0,"comment_status":"open","ping_status":"open","sticky":false,"template":"","format":"standard","meta":{"footnotes":""},"categories":[2],"tags":[],"class_list":["post-3545","post","type-post","status-publish","format-standard","hentry","category-noticias-do-dia"],"_links":{"self":[{"href":"https:\/\/www.saloanoticias.com\/v1\/wp-json\/wp\/v2\/posts\/3545","targetHints":{"allow":["GET"]}}],"collection":[{"href":"https:\/\/www.saloanoticias.com\/v1\/wp-json\/wp\/v2\/posts"}],"about":[{"href":"https:\/\/www.saloanoticias.com\/v1\/wp-json\/wp\/v2\/types\/post"}],"author":[{"embeddable":true,"href":"https:\/\/www.saloanoticias.com\/v1\/wp-json\/wp\/v2\/users\/1"}],"replies":[{"embeddable":true,"href":"https:\/\/www.saloanoticias.com\/v1\/wp-json\/wp\/v2\/comments?post=3545"}],"version-history":[{"count":0,"href":"https:\/\/www.saloanoticias.com\/v1\/wp-json\/wp\/v2\/posts\/3545\/revisions"}],"wp:attachment":[{"href":"https:\/\/www.saloanoticias.com\/v1\/wp-json\/wp\/v2\/media?parent=3545"}],"wp:term":[{"taxonomy":"category","embeddable":true,"href":"https:\/\/www.saloanoticias.com\/v1\/wp-json\/wp\/v2\/categories?post=3545"},{"taxonomy":"post_tag","embeddable":true,"href":"https:\/\/www.saloanoticias.com\/v1\/wp-json\/wp\/v2\/tags?post=3545"}],"curies":[{"name":"wp","href":"https:\/\/api.w.org\/{rel}","templated":true}]}}