{"id":3542,"date":"2017-08-13T14:00:00","date_gmt":"2017-08-13T14:00:00","guid":{"rendered":"https:\/\/saloanoticias.mrmediaweb.com\/v1\/2017\/08\/13\/saloa-e-iati-apresentam-bons-indices-em-suas-gestoes-fiscais\/"},"modified":"2017-08-13T14:00:00","modified_gmt":"2017-08-13T14:00:00","slug":"saloa-e-iati-apresentam-bons-indices-em-suas-gestoes-fiscais","status":"publish","type":"post","link":"https:\/\/www.saloanoticias.com\/v1\/saloa-e-iati-apresentam-bons-indices-em-suas-gestoes-fiscais\/","title":{"rendered":"SALO\u00c1 E IAT\u00cd APRESENTAM BONS \u00cdNDICES EM SUAS RESPECTIVAS GEST\u00d5ES FISCAIS"},"content":{"rendered":"<p align=\"justify\"><font size=\"3\" face=\"Arial\"><a href=\"http:\/\/www.saloanoticias.com\/images\/ricardo-3_5bbe66863807236db95faad103656495.jpg\"><img loading=\"lazy\" decoding=\"async\" title=\"Ricardo (3)\" style=\"border-top: 0px; border-right: 0px; background-image: none; border-bottom: 0px; float: left; padding-top: 0px; padding-left: 0px; margin: 5px 5px 0px 0px; border-left: 0px; display: inline; padding-right: 0px\" border=\"0\" alt=\"Ricardo (3)\" src=\"http:\/\/www.saloanoticias.com\/v1\/wp-content\/uploads\/imagens\/ricardo-3_thumb_ae361454fa6075a905c5f9497128dcaf.jpg\" width=\"260\" align=\"left\" height=\"264\"><\/a>DO BLOG DO WELLINGTON FREITAS: Salo\u00e1 tem uma das boas sa\u00fades fiscais do Estado. O Munic\u00edpio ocupa a d\u00e9cima oitava (18\u00ba) posi\u00e7\u00e3o num levantamento apresentado pelo \u00cdndice Firjan de Gest\u00e3o Fiscal (IFGF 2017), divulgado nesta sexta-feira (11) pela Federa\u00e7\u00e3o das Ind\u00fastrias do Rio de Janeiro (Firjan), com base em dados oficiais de 2016. <\/font><font size=\"3\" face=\"Arial\">Jurema (3\u00ba), Jucati (5\u00ba) e Garanhuns (8\u00ba), munic\u00edpios do Agreste Meridional, figuraram no Top 10. Iati figura na 54\u00aa posi\u00e7\u00e3o dos munic\u00edpios pernambucanos medidos.<\/font> <\/p>\n<p align=\"justify\"><font size=\"3\" face=\"Arial\">Na outra ponta, o munic\u00edpio de S\u00e3o Jo\u00e3o teve um dos piores \u00edndices de gest\u00e3o fiscal de Pernambuco, ficando na pen\u00faltima coloca\u00e7\u00e3o entre os 167 munic\u00edpios avaliados pelo Estudo. Paranatama e Terezinha n\u00e3o tiveram seus \u00edndices medidos. <\/font><font size=\"3\" face=\"Arial\">J\u00e1 em n\u00edvel nacional, Pernambuco apresenta um dos piores resultados. O Estado ficou em pen\u00faltimo lugar no Pa\u00eds, \u00e0 frente apenas de Sergipe, no ranking da gest\u00e3o fiscal. Segundo o levantamento, nenhum munic\u00edpio de Pernambuco tem gest\u00e3o de excel\u00eancia.<\/font> <\/p>\n<p align=\"justify\"><font size=\"3\" face=\"Arial\">Apenas sete prefeituras (4%) registram boa gest\u00e3o fiscal, enquanto 104 (59,1%) t\u00eam situa\u00e7\u00e3o cr\u00edtica e 65 (36,9%) dif\u00edcil. A m\u00e9dia estadual ficou abaixo do nacional em todos os indicadores avaliados pelo IFGF. Os resultados se explicam, por exemplo, pelo fato de tr\u00eas em cada quatro cidades pernambucanas (75%) n\u00e3o terem investido nem 8% de suas receitas em 2016 e, com isso, terem recebido conceito \u201cD\u201d. <\/font><font face=\"Arial\"><font size=\"3\">&#8220;No caso de Pernambuco, chamou aten\u00e7\u00e3o o n\u00famero de munic\u00edpios com nota zero (67) no indicador de liquidez, apresentando a pior situa\u00e7\u00e3o do Pa\u00eds.<\/font><\/font> <\/p>\n<p align=\"justify\"><font face=\"Arial\"><font size=\"3\">Na pr\u00e1tica, isso quer dizer que fecharam o ano no vermelho, sem recursos para arcar com os restos a pagar que ficaram em 2016&#8243;, destaca o coordenador de Estudos Econ\u00f4micos do Sistema Firjan, Jonathas Goulart. Para 2017, a expectativa \u00e9 de que o desajuste fiscal continue a reboque da crise. <b>Para acessar o resultado geral do \u00cdndice Firjan clique <a href=\"http:\/\/www.firjan.com.br\/ifgf\/\">AQUI<\/a>.<\/b><\/font><\/font><\/p>\n<div style=\"margin-top: 0px; margin-bottom: 0px;\" class=\"sharethis-inline-share-buttons\" ><\/div>","protected":false},"excerpt":{"rendered":"<p>DO BLOG DO WELLINGTON FREITAS: Salo\u00e1 tem uma das boas sa\u00fades fiscais do Estado. O Munic\u00edpio ocupa a d\u00e9cima oitava (18\u00ba) posi\u00e7\u00e3o num levantamento apresentado pelo \u00cdndice Firjan de Gest\u00e3o Fiscal (IFGF 2017), divulgado nesta sexta-feira (11) pela Federa\u00e7\u00e3o das Ind\u00fastrias do Rio de Janeiro (Firjan), com base em dados oficiais de 2016. Jurema (3\u00ba), [&hellip;]<\/p>\n","protected":false},"author":1,"featured_media":0,"comment_status":"open","ping_status":"open","sticky":false,"template":"","format":"standard","meta":{"footnotes":""},"categories":[2],"tags":[],"class_list":["post-3542","post","type-post","status-publish","format-standard","hentry","category-noticias-do-dia"],"_links":{"self":[{"href":"https:\/\/www.saloanoticias.com\/v1\/wp-json\/wp\/v2\/posts\/3542","targetHints":{"allow":["GET"]}}],"collection":[{"href":"https:\/\/www.saloanoticias.com\/v1\/wp-json\/wp\/v2\/posts"}],"about":[{"href":"https:\/\/www.saloanoticias.com\/v1\/wp-json\/wp\/v2\/types\/post"}],"author":[{"embeddable":true,"href":"https:\/\/www.saloanoticias.com\/v1\/wp-json\/wp\/v2\/users\/1"}],"replies":[{"embeddable":true,"href":"https:\/\/www.saloanoticias.com\/v1\/wp-json\/wp\/v2\/comments?post=3542"}],"version-history":[{"count":0,"href":"https:\/\/www.saloanoticias.com\/v1\/wp-json\/wp\/v2\/posts\/3542\/revisions"}],"wp:attachment":[{"href":"https:\/\/www.saloanoticias.com\/v1\/wp-json\/wp\/v2\/media?parent=3542"}],"wp:term":[{"taxonomy":"category","embeddable":true,"href":"https:\/\/www.saloanoticias.com\/v1\/wp-json\/wp\/v2\/categories?post=3542"},{"taxonomy":"post_tag","embeddable":true,"href":"https:\/\/www.saloanoticias.com\/v1\/wp-json\/wp\/v2\/tags?post=3542"}],"curies":[{"name":"wp","href":"https:\/\/api.w.org\/{rel}","templated":true}]}}