{"id":3541,"date":"2017-08-12T11:53:00","date_gmt":"2017-08-12T11:53:00","guid":{"rendered":"https:\/\/saloanoticias.mrmediaweb.com\/v1\/2017\/08\/12\/saloa-no-combate-a-violencia-contra-a-mulher\/"},"modified":"2017-08-12T11:53:00","modified_gmt":"2017-08-12T11:53:00","slug":"saloa-no-combate-a-violencia-contra-a-mulher","status":"publish","type":"post","link":"https:\/\/www.saloanoticias.com\/v1\/saloa-no-combate-a-violencia-contra-a-mulher\/","title":{"rendered":"SALO\u00c1 NO COMBATE A VIOL\u00caNCIA CONTRA A MULHER TEM O APOIO DE AUTORIDADES"},"content":{"rendered":"<p align=\"justify\"><font size=\"3\" face=\"Arial\"><a href=\"http:\/\/www.saloanoticias.com\/images\/_dsc0418-2.jpg\"><img loading=\"lazy\" decoding=\"async\" title=\"_DSC0418 (2)\" style=\"border-top: 0px; border-right: 0px; background-image: none; border-bottom: 0px; float: none; padding-top: 0px; padding-left: 0px; margin: 0px auto 10px; border-left: 0px; display: block; padding-right: 0px\" border=\"0\" alt=\"_DSC0418 (2)\" src=\"http:\/\/www.saloanoticias.com\/v1\/wp-content\/uploads\/imagens\/_dsc0418-2_thumb.jpg\" width=\"1502\" height=\"995\"><\/a>Visando a import\u00e2ncia da lei n\u00b0 11.340\/06 Maria da Penha e seus avan\u00e7os nesses 11 anos, punindo agressores e empoderando mulheres, o CREAS e a Coordenadoria da Mulher desenvolveram este projeto, com o titulo: Maria da penha vai \u00e0s ruas articulando toda a rede de prote\u00e7\u00e3o. A programa\u00e7\u00e3o englobar\u00e1 palestras educativas no espa\u00e7o do CREAS, panfletagem exposi\u00e7\u00e3o fotogr\u00e1fica de mulheres v\u00edtimas de viol\u00eancia, capacita\u00e7\u00e3o de profissionais e din\u00e2micas em grupos acompanhados pelo CREAS e a Coordenadoria da mulher.<\/font><\/p>\n<p align=\"justify\"><a href=\"http:\/\/www.saloanoticias.com\/images\/_dsc0418-2_ce17c7d77034961f4eb54c8588ef0497.jpg\"><img loading=\"lazy\" decoding=\"async\" title=\"_DSC0418 (2)\" style=\"border-top: 0px; border-right: 0px; background-image: none; border-bottom: 0px; float: none; padding-top: 0px; padding-left: 0px; margin-left: auto; border-left: 0px; display: block; padding-right: 0px; margin-right: auto\" border=\"0\" alt=\"_DSC0418 (2)\" src=\"http:\/\/www.saloanoticias.com\/v1\/wp-content\/uploads\/imagens\/_dsc0418-2_thumb_9751df69b6f1c1602f8826ec0101940c.jpg\" width=\"1494\" height=\"1090\"><\/a><\/p>\n<p align=\"justify\"><font size=\"3\" face=\"Arial\">Dia 16\/08 faremos uma mobiliza\u00e7\u00e3o na Pra\u00e7a S\u00e3o Vicente, com exposi\u00e7\u00e3o fotogr\u00e1fica de autoridades de nosso munic\u00edpio, que apoiam a causa, bem como atendimento de sa\u00fade, e o cine mulher levando assim informa\u00e7\u00e3o e empoderando mulheres a quebrar o sil\u00eancio e denunciar seus agressores. Dia 29\/08 encerraremos a programa\u00e7\u00e3o com uma grande palestra com grupos de homens e funcion\u00e1rios de nosso munic\u00edpio para que com a informa\u00e7\u00e3o e a educa\u00e7\u00e3o venhamos transformar vidas e evitar futuros agressores. A campanha teve o apoio do prefeito Ricardo Alves, do presidente da C\u00e2mara, Ronaldinho e outras autoridades. <strong><font size=\"2\">Texto: Lib\u00e2nia Ar\u00e1ujo<\/font><\/strong><\/font><\/p>\n<div style=\"margin-top: 0px; margin-bottom: 0px;\" class=\"sharethis-inline-share-buttons\" ><\/div>","protected":false},"excerpt":{"rendered":"<p>Visando a import\u00e2ncia da lei n\u00b0 11.340\/06 Maria da Penha e seus avan\u00e7os nesses 11 anos, punindo agressores e empoderando mulheres, o CREAS e a Coordenadoria da Mulher desenvolveram este projeto, com o titulo: Maria da penha vai \u00e0s ruas articulando toda a rede de prote\u00e7\u00e3o. A programa\u00e7\u00e3o englobar\u00e1 palestras educativas no espa\u00e7o do CREAS, [&hellip;]<\/p>\n","protected":false},"author":1,"featured_media":0,"comment_status":"open","ping_status":"open","sticky":false,"template":"","format":"standard","meta":{"footnotes":""},"categories":[2],"tags":[],"class_list":["post-3541","post","type-post","status-publish","format-standard","hentry","category-noticias-do-dia"],"_links":{"self":[{"href":"https:\/\/www.saloanoticias.com\/v1\/wp-json\/wp\/v2\/posts\/3541","targetHints":{"allow":["GET"]}}],"collection":[{"href":"https:\/\/www.saloanoticias.com\/v1\/wp-json\/wp\/v2\/posts"}],"about":[{"href":"https:\/\/www.saloanoticias.com\/v1\/wp-json\/wp\/v2\/types\/post"}],"author":[{"embeddable":true,"href":"https:\/\/www.saloanoticias.com\/v1\/wp-json\/wp\/v2\/users\/1"}],"replies":[{"embeddable":true,"href":"https:\/\/www.saloanoticias.com\/v1\/wp-json\/wp\/v2\/comments?post=3541"}],"version-history":[{"count":0,"href":"https:\/\/www.saloanoticias.com\/v1\/wp-json\/wp\/v2\/posts\/3541\/revisions"}],"wp:attachment":[{"href":"https:\/\/www.saloanoticias.com\/v1\/wp-json\/wp\/v2\/media?parent=3541"}],"wp:term":[{"taxonomy":"category","embeddable":true,"href":"https:\/\/www.saloanoticias.com\/v1\/wp-json\/wp\/v2\/categories?post=3541"},{"taxonomy":"post_tag","embeddable":true,"href":"https:\/\/www.saloanoticias.com\/v1\/wp-json\/wp\/v2\/tags?post=3541"}],"curies":[{"name":"wp","href":"https:\/\/api.w.org\/{rel}","templated":true}]}}