{"id":3540,"date":"2017-08-11T00:53:00","date_gmt":"2017-08-11T00:53:00","guid":{"rendered":"https:\/\/saloanoticias.mrmediaweb.com\/v1\/2017\/08\/11\/comissao-da-camara-aprova-fim-do-voto-de-legenda\/"},"modified":"2017-08-11T00:53:00","modified_gmt":"2017-08-11T00:53:00","slug":"comissao-da-camara-aprova-fim-do-voto-de-legenda","status":"publish","type":"post","link":"https:\/\/www.saloanoticias.com\/v1\/comissao-da-camara-aprova-fim-do-voto-de-legenda\/","title":{"rendered":"COMISS\u00c3O DA C\u00c2MARA APROVOU O FIM DO VOTO DE LEGENDA"},"content":{"rendered":"<p align=\"justify\"><font size=\"3\" face=\"Arial\"><a href=\"http:\/\/www.saloanoticias.com\/images\/16161324.jpg\"><img loading=\"lazy\" decoding=\"async\" title=\"COPA\" style=\"border-top: 0px; border-right: 0px; background-image: none; border-bottom: 0px; float: right; padding-top: 0px; padding-left: 0px; margin: 5px 0px 0px 5px; border-left: 0px; display: inline; padding-right: 0px\" border=\"0\" alt=\"COPA\" src=\"http:\/\/www.saloanoticias.com\/v1\/wp-content\/uploads\/imagens\/16161324_thumb.jpg\" width=\"309\" align=\"right\" height=\"219\"><\/a>A comiss\u00e3o especial da reforma pol\u00edtica, que trata dessa mat\u00e9ria na C\u00e2mara Federal, aprovou na madrugada desta quinta-feira (10) o relat\u00f3rio do deputado Vicente C\u00e2ndido que prop\u00f5e o chamado voto \u201cdistrit\u00e3o\u201d para vigorar nas elei\u00e7\u00f5es do pr\u00f3ximo ano. <\/font><font size=\"3\" face=\"Arial\">Caso o projeto passe pelo plen\u00e1rio, ser\u00e3o eleitos em Pernambuco para a C\u00e2mara Federal os 25 candidatos mais votados, independente de partido e de coliga\u00e7\u00e3o. Essa mesma sistem\u00e1tica valer\u00e1 tamb\u00e9m para deputado estadual e para vereador.<\/font> <\/p>\n<p align=\"justify\"><font size=\"3\" face=\"Arial\">Na comiss\u00e3o especial, nesta quinta-feira, passou por 17 x 15. <\/font><font size=\"3\" face=\"Arial\">O texto apresentado originalmente pelo deputado Vicente C\u00e2ndido (PT-SP), relator da reforma pol\u00edtica, mantinha o sistema proporcional para 2018 e 2020. E o voto distrital misto para vigorar a partir de 2022. <\/font><font size=\"3\" face=\"Arial\">A mudan\u00e7a foi aprovada com apoio das bancadas do PMDB, DEM, PSDB, PSD e PP. Uma parte dos destaques\u201d foram analisados em outra sess\u00e3o, que se realizou nesta quinta-feira, sendo que uns foram aprovados e outros n\u00e3o. Na pr\u00e1tica, poder\u00e3o ser eleitos nas pr\u00f3ximas elei\u00e7\u00f5es os deputados e vereadores mais votados e p\u00f5e fim os chamados \u201cvotos de legendas\u201d.<\/font><\/p>\n<div style=\"margin-top: 0px; margin-bottom: 0px;\" class=\"sharethis-inline-share-buttons\" ><\/div>","protected":false},"excerpt":{"rendered":"<p>A comiss\u00e3o especial da reforma pol\u00edtica, que trata dessa mat\u00e9ria na C\u00e2mara Federal, aprovou na madrugada desta quinta-feira (10) o relat\u00f3rio do deputado Vicente C\u00e2ndido que prop\u00f5e o chamado voto \u201cdistrit\u00e3o\u201d para vigorar nas elei\u00e7\u00f5es do pr\u00f3ximo ano. Caso o projeto passe pelo plen\u00e1rio, ser\u00e3o eleitos em Pernambuco para a C\u00e2mara Federal os 25 candidatos [&hellip;]<\/p>\n","protected":false},"author":1,"featured_media":0,"comment_status":"open","ping_status":"open","sticky":false,"template":"","format":"standard","meta":{"footnotes":""},"categories":[2],"tags":[],"class_list":["post-3540","post","type-post","status-publish","format-standard","hentry","category-noticias-do-dia"],"_links":{"self":[{"href":"https:\/\/www.saloanoticias.com\/v1\/wp-json\/wp\/v2\/posts\/3540","targetHints":{"allow":["GET"]}}],"collection":[{"href":"https:\/\/www.saloanoticias.com\/v1\/wp-json\/wp\/v2\/posts"}],"about":[{"href":"https:\/\/www.saloanoticias.com\/v1\/wp-json\/wp\/v2\/types\/post"}],"author":[{"embeddable":true,"href":"https:\/\/www.saloanoticias.com\/v1\/wp-json\/wp\/v2\/users\/1"}],"replies":[{"embeddable":true,"href":"https:\/\/www.saloanoticias.com\/v1\/wp-json\/wp\/v2\/comments?post=3540"}],"version-history":[{"count":0,"href":"https:\/\/www.saloanoticias.com\/v1\/wp-json\/wp\/v2\/posts\/3540\/revisions"}],"wp:attachment":[{"href":"https:\/\/www.saloanoticias.com\/v1\/wp-json\/wp\/v2\/media?parent=3540"}],"wp:term":[{"taxonomy":"category","embeddable":true,"href":"https:\/\/www.saloanoticias.com\/v1\/wp-json\/wp\/v2\/categories?post=3540"},{"taxonomy":"post_tag","embeddable":true,"href":"https:\/\/www.saloanoticias.com\/v1\/wp-json\/wp\/v2\/tags?post=3540"}],"curies":[{"name":"wp","href":"https:\/\/api.w.org\/{rel}","templated":true}]}}