{"id":3539,"date":"2017-08-11T12:03:00","date_gmt":"2017-08-11T12:03:00","guid":{"rendered":"https:\/\/saloanoticias.mrmediaweb.com\/v1\/2017\/08\/11\/vereador-tisley-vicente-solicita-reforma-da-quadra-poliesportiva-de-saloa\/"},"modified":"2017-08-11T12:03:00","modified_gmt":"2017-08-11T12:03:00","slug":"vereador-tisley-vicente-solicita-reforma-da-quadra-poliesportiva-de-saloa","status":"publish","type":"post","link":"https:\/\/www.saloanoticias.com\/v1\/vereador-tisley-vicente-solicita-reforma-da-quadra-poliesportiva-de-saloa\/","title":{"rendered":"VER. TISLEY VICENTE SOLICITA A REFORMA DA QUADRA POLIESPORTIVA DE SALO\u00c1"},"content":{"rendered":"<p align=\"justify\"><font size=\"3\" face=\"Arial\"><a href=\"http:\/\/www.saloanoticias.com\/images\/dsc_9607_3587d660ea5b8c18688d4d799666dfe0_dbb977852e162b1795d00ce34047cf7d.jpg\"><img loading=\"lazy\" decoding=\"async\" title=\"dsc_9607_3587d660ea5b8c18688d4d799666dfe0\" style=\"border-top: 0px; border-right: 0px; background-image: none; border-bottom: 0px; float: left; padding-top: 0px; padding-left: 0px; margin: 5px 5px 0px 0px; border-left: 0px; display: inline; padding-right: 0px\" border=\"0\" alt=\"dsc_9607_3587d660ea5b8c18688d4d799666dfe0\" src=\"http:\/\/www.saloanoticias.com\/v1\/wp-content\/uploads\/imagens\/dsc_9607_3587d660ea5b8c18688d4d799666dfe0_thumb.jpg\" width=\"291\" align=\"left\" height=\"222\"><\/a>Em sess\u00e3o ordin\u00e1ria realizada na C\u00e2mara dos Vereadores de Salo\u00e1, o parlamentar Tisley Vicente Silva (PRB), apresentou em plen\u00e1rio mais um requerimento de sua autoria, solicitando ao chefe do executivo municipal a reforma da quadra poliesportiva Ant\u00f4nio Ricardo por entender que a mesma est\u00e1 precisando de reparos e uma melhor manuten\u00e7\u00e3o. Para o edil, aquela quadra \u00e9 um dos espa\u00e7os de lazer dos saloaenses e serve para a realiza\u00e7\u00e3o de v\u00e1rios eventos, proporcionando um grande fluxo de pessoas que transitam por ela durante essas atividades. O requerimento foi aprovado pelos demais parlamentares e enviado \u00e0 Prefeitura para viabiliza\u00e7\u00e3o da obra. O edil foi parabenizado pelos colegas que entenderam a real necessidade dessa manuten\u00e7\u00e3o na quadra.<\/font><\/p>\n<div style=\"margin-top: 0px; margin-bottom: 0px;\" class=\"sharethis-inline-share-buttons\" ><\/div>","protected":false},"excerpt":{"rendered":"<p>Em sess\u00e3o ordin\u00e1ria realizada na C\u00e2mara dos Vereadores de Salo\u00e1, o parlamentar Tisley Vicente Silva (PRB), apresentou em plen\u00e1rio mais um requerimento de sua autoria, solicitando ao chefe do executivo municipal a reforma da quadra poliesportiva Ant\u00f4nio Ricardo por entender que a mesma est\u00e1 precisando de reparos e uma melhor manuten\u00e7\u00e3o. Para o edil, aquela [&hellip;]<\/p>\n","protected":false},"author":1,"featured_media":0,"comment_status":"open","ping_status":"open","sticky":false,"template":"","format":"standard","meta":{"footnotes":""},"categories":[2],"tags":[],"class_list":["post-3539","post","type-post","status-publish","format-standard","hentry","category-noticias-do-dia"],"_links":{"self":[{"href":"https:\/\/www.saloanoticias.com\/v1\/wp-json\/wp\/v2\/posts\/3539","targetHints":{"allow":["GET"]}}],"collection":[{"href":"https:\/\/www.saloanoticias.com\/v1\/wp-json\/wp\/v2\/posts"}],"about":[{"href":"https:\/\/www.saloanoticias.com\/v1\/wp-json\/wp\/v2\/types\/post"}],"author":[{"embeddable":true,"href":"https:\/\/www.saloanoticias.com\/v1\/wp-json\/wp\/v2\/users\/1"}],"replies":[{"embeddable":true,"href":"https:\/\/www.saloanoticias.com\/v1\/wp-json\/wp\/v2\/comments?post=3539"}],"version-history":[{"count":0,"href":"https:\/\/www.saloanoticias.com\/v1\/wp-json\/wp\/v2\/posts\/3539\/revisions"}],"wp:attachment":[{"href":"https:\/\/www.saloanoticias.com\/v1\/wp-json\/wp\/v2\/media?parent=3539"}],"wp:term":[{"taxonomy":"category","embeddable":true,"href":"https:\/\/www.saloanoticias.com\/v1\/wp-json\/wp\/v2\/categories?post=3539"},{"taxonomy":"post_tag","embeddable":true,"href":"https:\/\/www.saloanoticias.com\/v1\/wp-json\/wp\/v2\/tags?post=3539"}],"curies":[{"name":"wp","href":"https:\/\/api.w.org\/{rel}","templated":true}]}}