{"id":3537,"date":"2017-08-09T00:02:00","date_gmt":"2017-08-09T00:02:00","guid":{"rendered":"https:\/\/saloanoticias.mrmediaweb.com\/v1\/2017\/08\/09\/grave-acidente-de-carro-tira-a-vida-de-claudio-do-caminhao\/"},"modified":"2017-08-09T00:02:00","modified_gmt":"2017-08-09T00:02:00","slug":"grave-acidente-de-carro-tira-a-vida-de-claudio-do-caminhao","status":"publish","type":"post","link":"https:\/\/www.saloanoticias.com\/v1\/grave-acidente-de-carro-tira-a-vida-de-claudio-do-caminhao\/","title":{"rendered":"GRAVE ACIDENTE DE CARRO TIRA A VIDA DE CL\u00c1UDIO IRM\u00c3O DE DANDA DA OFICINA"},"content":{"rendered":"<p align=\"justify\"><font size=\"3\" face=\"Arial\"><a href=\"http:\/\/www.saloanoticias.com\/images\/20638206_1428483163883913_5111884132429970101_n_af6ea36269bc27e8387ac4052fbdf0e3.jpg\"><img loading=\"lazy\" decoding=\"async\" title=\"20638206_1428483163883913_5111884132429970101_n\" style=\"border-top: 0px; border-right: 0px; background-image: none; border-bottom: 0px; float: left; padding-top: 0px; padding-left: 0px; margin: 5px 5px 0px 0px; border-left: 0px; display: inline; padding-right: 0px\" border=\"0\" alt=\"20638206_1428483163883913_5111884132429970101_n\" src=\"http:\/\/www.saloanoticias.com\/v1\/wp-content\/uploads\/imagens\/20638206_1428483163883913_5111884132429970101_n_thumb_ab0f6f336b5832732966ca5d28532e60.jpg\" width=\"192\" align=\"left\" height=\"200\"><\/a>Um grave acidente aconteceu no final da tarde desta ter\u00e7a-feira, dia 8 de agosto de 2017, envolvendo um caminh\u00e3o e tirou a vida do Sr. Cl\u00e1udio Feitosa da Silva Filho, de 58 anos de idade, irm\u00e3o de Danda da Oficina, uma pessoa bastante conhecida na cidade de Salo\u00e1\/PE. Segundo as informa\u00e7\u00f5es repassadas \u00e0 nossa reda\u00e7\u00e3o, o fato aconteceu na BR 232 pr\u00f3ximo a cidade S\u00e3o Caetano, interior de Pernambuco. Os relatos ainda s\u00e3o desencontrados, mas, ao que tudo indica, ele se descolava em seu caminh\u00e3o para a sua resid\u00eancia em Salo\u00e1\/PE, quando no percurso aconteceu o sinistro, n\u00e3o se sabe se bateu ou capotou o ve\u00edculo, vindo a \u00f3bito no local.<\/font> <\/p>\n<p align=\"justify\"><font size=\"3\"><font face=\"Arial\">O corpo de Cl\u00e1udio j\u00e1 est\u00e1 no IML de Caruaru e os familiares do mesmo j\u00e1 se deslocaram para l\u00e1 no intuito de fazer a libera\u00e7\u00e3o do corpo que dever\u00e1 ser sepultado na tarde desta quarta (9). Cl\u00e1udio \u00e9 muito conhecido na cidade e \u00e9 casado com a Sra. Aldenoura, funcion\u00e1ria da Prefeitura que trabalha no PSF Ant\u00f4nio Barros da Rua Rold\u00e3o Ten\u00f3rio Cavalcante. Cl\u00e1udio deixa esposa, filhos e netos. A qualquer momento traremos mais informa\u00e7\u00f5es sobre este lament\u00e1vel fato.<\/font><\/font><\/p>\n<div style=\"margin-top: 0px; margin-bottom: 0px;\" class=\"sharethis-inline-share-buttons\" ><\/div>","protected":false},"excerpt":{"rendered":"<p>Um grave acidente aconteceu no final da tarde desta ter\u00e7a-feira, dia 8 de agosto de 2017, envolvendo um caminh\u00e3o e tirou a vida do Sr. Cl\u00e1udio Feitosa da Silva Filho, de 58 anos de idade, irm\u00e3o de Danda da Oficina, uma pessoa bastante conhecida na cidade de Salo\u00e1\/PE. Segundo as informa\u00e7\u00f5es repassadas \u00e0 nossa reda\u00e7\u00e3o, [&hellip;]<\/p>\n","protected":false},"author":1,"featured_media":0,"comment_status":"open","ping_status":"open","sticky":false,"template":"","format":"standard","meta":{"footnotes":""},"categories":[2],"tags":[],"class_list":["post-3537","post","type-post","status-publish","format-standard","hentry","category-noticias-do-dia"],"_links":{"self":[{"href":"https:\/\/www.saloanoticias.com\/v1\/wp-json\/wp\/v2\/posts\/3537","targetHints":{"allow":["GET"]}}],"collection":[{"href":"https:\/\/www.saloanoticias.com\/v1\/wp-json\/wp\/v2\/posts"}],"about":[{"href":"https:\/\/www.saloanoticias.com\/v1\/wp-json\/wp\/v2\/types\/post"}],"author":[{"embeddable":true,"href":"https:\/\/www.saloanoticias.com\/v1\/wp-json\/wp\/v2\/users\/1"}],"replies":[{"embeddable":true,"href":"https:\/\/www.saloanoticias.com\/v1\/wp-json\/wp\/v2\/comments?post=3537"}],"version-history":[{"count":0,"href":"https:\/\/www.saloanoticias.com\/v1\/wp-json\/wp\/v2\/posts\/3537\/revisions"}],"wp:attachment":[{"href":"https:\/\/www.saloanoticias.com\/v1\/wp-json\/wp\/v2\/media?parent=3537"}],"wp:term":[{"taxonomy":"category","embeddable":true,"href":"https:\/\/www.saloanoticias.com\/v1\/wp-json\/wp\/v2\/categories?post=3537"},{"taxonomy":"post_tag","embeddable":true,"href":"https:\/\/www.saloanoticias.com\/v1\/wp-json\/wp\/v2\/tags?post=3537"}],"curies":[{"name":"wp","href":"https:\/\/api.w.org\/{rel}","templated":true}]}}