{"id":3536,"date":"2017-08-08T17:27:00","date_gmt":"2017-08-08T17:27:00","guid":{"rendered":"https:\/\/saloanoticias.mrmediaweb.com\/v1\/2017\/08\/08\/ablogpe-continua-em-defesa-de-seus-associados-faca-parte-voce-tambem\/"},"modified":"2017-08-08T17:27:00","modified_gmt":"2017-08-08T17:27:00","slug":"ablogpe-continua-em-defesa-de-seus-associados-faca-parte-voce-tambem","status":"publish","type":"post","link":"https:\/\/www.saloanoticias.com\/v1\/ablogpe-continua-em-defesa-de-seus-associados-faca-parte-voce-tambem\/","title":{"rendered":"ABLOGPE CONTINUA EM DEFESA DOS SEUS ASSOCIADOS, FA\u00c7A PARTE VOC\u00ca TAMB\u00c9M !"},"content":{"rendered":"<p align=\"justify\"><font face=\"Arial\"><font size=\"3\"><a href=\"http:\/\/www.saloanoticias.com\/images\/15202503_1229862347079281_7186850334730632402_n_53e326037c837bbd72b4076a587ef9ae.jpg\"><img loading=\"lazy\" decoding=\"async\" title=\"15202503_1229862347079281_7186850334730632402_n\" style=\"border-top: 0px; border-right: 0px; background-image: none; border-bottom: 0px; float: none; padding-top: 0px; padding-left: 0px; margin: 0px auto 10px; border-left: 0px; display: block; padding-right: 0px\" border=\"0\" alt=\"15202503_1229862347079281_7186850334730632402_n\" src=\"http:\/\/www.saloanoticias.com\/v1\/wp-content\/uploads\/imagens\/15202503_1229862347079281_7186850334730632402_n_thumb_15d52d1a11bc4f827cbd396e632ec8cb.jpg\" width=\"1525\" height=\"1047\"><\/a>Voc\u00ea blogueira e blogueiro, fa\u00e7a parte da Associa\u00e7\u00e3o que defende a nossa categoria, somos pioneiros no Brasil. A AblogPE tem parcerias institucionais e governamentais com o escopo primordial de buscar proativamente a democratiza\u00e7\u00e3o dos meios de comunica\u00e7\u00e3o, tendo inclusive, recebido pela Egr\u00e9gia Assembleia Legislativa do Estado de Pernambucano 3 (tr\u00eas) votos de aplausos pela iniciativa pioneira da classe no \u00e2mbito nacional.<\/font><\/font><\/p>\n<p align=\"justify\"><font face=\"Arial\"><font size=\"3\">Al\u00e9m, apresentamos o PL 2164 cujo objeto \u00e9 criar o marco legal para instituir a pol\u00edtica Estadual de Incentivo \u00e0s M\u00eddias Locais e Regionais no Estado de Pernambuco, pela qual, os Poderes do Estado poder\u00e3o destinar percentual da sua receita anual de para publicidade dos programas, obras, an\u00fancios, editais, programas, servi\u00e7os e campanhas em gerais. Essa discuss\u00e3o proposta visa incentivar e desenvolver as comunica\u00e7\u00f5es e propagandas institucionais dos Poderes Executivo, Judici\u00e1rio e Legislativo no \u00e2mbito do Estado de Pernambuco com \u00eanfase na descentraliza\u00e7\u00e3o dentro de um processo de socializa\u00e7\u00e3o regional e local dos conhecimentos difundidos pelos Poderes do Estado.<\/font><\/font><\/p>\n<p align=\"justify\"><font face=\"Arial\"><font size=\"3\">Ademais, com a vig\u00eancia da Lei Federal n.\u00ba 12.965 de 23 de abril de 2014, conhecida como Marco Civil da Internet, imp\u00f5e o respeito \u00e0 liberdade de express\u00e3o com finalidade de promover o reconhecimento em escala mundial da rede; dos direitos humanos, o desenvolvimento da personalidade e o exerc\u00edcio da cidadania em meios digitais, da pluralidade e a diversidade; da abertura e a colabora\u00e7\u00e3o; da livre iniciativa, a livre concorr\u00eancia e a defesa do consumidor; e da finalidade social da rede.<\/font><\/font><\/p>\n<p align=\"justify\"><font face=\"Arial\"><font size=\"3\">Para atingir estes propostos erigiu-se princ\u00edpios da garantia de liberdade de express\u00e3o e manifesta\u00e7\u00e3o de pensamento de dimens\u00e3o Constitucional com a prote\u00e7\u00e3o de privacidade e dados pessoais, da neutralidade, estabilidade e seguran\u00e7a da rede. A sociedade contempor\u00e2nea exige a proatividade colaborativa e democratiza\u00e7\u00e3o das comunica\u00e7\u00f5es e, neste diapas\u00e3o, os Produtores de Conte\u00fado de M\u00eddias Digitais na Rede (Web) prop\u00f5e incrementar a participa\u00e7\u00e3o e cidadania onde, dentre outros motivos, est\u00e1 o fato serem de a\u00e7\u00f5es instant\u00e2neas e dinamicamente reproduzidas pelas informa\u00e7\u00f5es ocorridas no local e que se torna geral e, por vezes, global.<\/font><\/font><\/p>\n<p align=\"justify\"><font face=\"Arial\"><font size=\"3\">Esta luta vem tomando grandes propor\u00e7\u00f5es por todo pa\u00eds apesar dos enfrentamentos com os interesses das grandes conglomerados midi\u00e1ticos. Este embate vem alimentando a vontade da sociedade de ter o direito de se informar, ter acesso \u00e0 educa\u00e7\u00e3o, cultura e lazer de forma imparcial e democr\u00e1tica.<\/font><\/font><\/p>\n<div style=\"margin-top: 0px; margin-bottom: 0px;\" class=\"sharethis-inline-share-buttons\" ><\/div>","protected":false},"excerpt":{"rendered":"<p>Voc\u00ea blogueira e blogueiro, fa\u00e7a parte da Associa\u00e7\u00e3o que defende a nossa categoria, somos pioneiros no Brasil. A AblogPE tem parcerias institucionais e governamentais com o escopo primordial de buscar proativamente a democratiza\u00e7\u00e3o dos meios de comunica\u00e7\u00e3o, tendo inclusive, recebido pela Egr\u00e9gia Assembleia Legislativa do Estado de Pernambucano 3 (tr\u00eas) votos de aplausos pela iniciativa [&hellip;]<\/p>\n","protected":false},"author":1,"featured_media":0,"comment_status":"open","ping_status":"open","sticky":false,"template":"","format":"standard","meta":{"footnotes":""},"categories":[2],"tags":[],"class_list":["post-3536","post","type-post","status-publish","format-standard","hentry","category-noticias-do-dia"],"_links":{"self":[{"href":"https:\/\/www.saloanoticias.com\/v1\/wp-json\/wp\/v2\/posts\/3536","targetHints":{"allow":["GET"]}}],"collection":[{"href":"https:\/\/www.saloanoticias.com\/v1\/wp-json\/wp\/v2\/posts"}],"about":[{"href":"https:\/\/www.saloanoticias.com\/v1\/wp-json\/wp\/v2\/types\/post"}],"author":[{"embeddable":true,"href":"https:\/\/www.saloanoticias.com\/v1\/wp-json\/wp\/v2\/users\/1"}],"replies":[{"embeddable":true,"href":"https:\/\/www.saloanoticias.com\/v1\/wp-json\/wp\/v2\/comments?post=3536"}],"version-history":[{"count":0,"href":"https:\/\/www.saloanoticias.com\/v1\/wp-json\/wp\/v2\/posts\/3536\/revisions"}],"wp:attachment":[{"href":"https:\/\/www.saloanoticias.com\/v1\/wp-json\/wp\/v2\/media?parent=3536"}],"wp:term":[{"taxonomy":"category","embeddable":true,"href":"https:\/\/www.saloanoticias.com\/v1\/wp-json\/wp\/v2\/categories?post=3536"},{"taxonomy":"post_tag","embeddable":true,"href":"https:\/\/www.saloanoticias.com\/v1\/wp-json\/wp\/v2\/tags?post=3536"}],"curies":[{"name":"wp","href":"https:\/\/api.w.org\/{rel}","templated":true}]}}