{"id":3534,"date":"2017-08-08T10:00:00","date_gmt":"2017-08-08T10:00:00","guid":{"rendered":"https:\/\/saloanoticias.mrmediaweb.com\/v1\/2017\/08\/08\/lula-vem-ao-nordeste-veja-por-onde-ele-vai-passar\/"},"modified":"2017-08-08T10:00:00","modified_gmt":"2017-08-08T10:00:00","slug":"lula-vem-ao-nordeste-veja-por-onde-ele-vai-passar","status":"publish","type":"post","link":"https:\/\/www.saloanoticias.com\/v1\/lula-vem-ao-nordeste-veja-por-onde-ele-vai-passar\/","title":{"rendered":"EX-PRESIDENTE LULA VEM AO NORDESTE NA PR\u00d3XIMA SEMANA. CONFIRA O ROTEIRO !"},"content":{"rendered":"<p align=\"justify\"><font size=\"3\" face=\"Arial\"><a href=\"http:\/\/www.saloanoticias.com\/images\/vencedores-por-cristo-salo_8f695e879701401fe85d9ea8dce7ae84.jpg\"><img loading=\"lazy\" decoding=\"async\" title=\"vencedores-por-cristo-salo\" style=\"border-left-width: 0px; border-right-width: 0px; background-image: none; border-bottom-width: 0px; float: none; padding-top: 0px; padding-left: 0px; margin: 0px auto 10px; display: block; padding-right: 0px; border-top-width: 0px\" border=\"0\" alt=\"vencedores-por-cristo-salo\" src=\"http:\/\/www.saloanoticias.com\/v1\/wp-content\/uploads\/imagens\/vencedores-por-cristo-salo_thumb_6b92c86b1fc25318ff7a893c30dbc5f3.jpg\" width=\"1503\" height=\"955\"><\/a>O ex-presidente Luiz In\u00e1cio Lula da Silva (PT) inicia a caravana pelo Nordeste no pr\u00f3ximo dia 17 de agosto, em Feira de Santana, na Bahia, e finaliza no dia 5 de setembro, quando embarca de S\u00e3o Lu\u00eds, no Maranh\u00e3o, com destino a S\u00e3o Paulo. Em Pernambuco, o petista passar\u00e1 os dias 24, 25 e 26 de agosto, <\/font><a href=\"http:\/\/www.blogdodiario.com.br\/2017\/08\/01\/em-caravana-pt-estuda-ato-de-lula-no-dona-lindu-e-em-suape\/\"><font size=\"3\" face=\"Arial\">com atos no Parque Dona Lind\u00fa, em Boa Viagem, na Zona Sul do Recife, e na Refinaria Abreu e Lima (Rnest), em Suape<\/font><\/a><font size=\"3\" face=\"Arial\">, como o <strong>Blog do Diario<\/strong> antecipou. H\u00e1, todavia, movimenta\u00e7\u00f5es nos bastidores petistas para que o ato do Dona Lind\u00fa seja realizado em Bras\u00edlia Teimosa, por tudo o que representa a localidade para as gest\u00f5es petistas.<\/font>  <\/p>\n<p align=\"justify\"><font size=\"3\" face=\"Arial\">Na quinta-feira (24), \u00e0s 19h, o cacique petista participa de um ato de filia\u00e7\u00e3o de dirigentes sindicais cutistas ao PT, com a presen\u00e7a de lideran\u00e7as petistas da regi\u00e3o, no Sindicato dos Banc\u00e1rios, na Boa Vista. No dia seguinte (25), Lula visita o museu Luiz Gonzaga e, depois, Bras\u00edlia Teimosa \u2013 bairro considerado reduto petista, ap\u00f3s o ex-presidente e o ex-prefeito Jo\u00e3o Paulo (PT) retirarem milhares de pessoas das palafitas \u2013 e, a princ\u00edpio, \u00e0s 17h realiza um ato no Parque Dona Lindu, onde h\u00e1 uma escultura da sua fam\u00edlia.<\/font>  <\/p>\n<p align=\"justify\"><font size=\"3\" face=\"Arial\">No S\u00e1bado (26), o petista participa de ato dos trabalhares em Defesa da Ind\u00fastria Petroqu\u00edmica e Naval, da Refinaria Abreu e Lima, em Suape \u2013 bandeira petista e que encontra-se com problemas de investimentos. Na ocasi\u00e3o, Lula deve usar o \u201cdesmonte\u201d da Rnest para criticar o governo. <\/font><font size=\"3\" face=\"Arial\">Neste p\u00e9riplo, o ex-presidente receber\u00e1 ao menos quatro t\u00edtulos honoris causas em universidades federais da regi\u00e3o. Ademais, est\u00e3o agendados ao menos tr\u00eas almo\u00e7os com governadores Rui Costa (Bahia\/PT), Renan Filho (Alagoas\/PMDB) e Fl\u00e1vio Dino (Maranh\u00e3o\/PCdoB).<\/font>  <\/p>\n<p align=\"justify\"><font size=\"3\" face=\"Arial\">A ideia de Lula e do PT com este giro pelo Nordeste, que \u00e9 tido como o principal reduto eleitoral petista, \u00e9 fazer a defesa do ex-presidente, que foi <\/font><a href=\"http:\/\/www.blogdodiario.com.br\/2017\/07\/12\/lula-e-condenado-na-lava-jato-no-caso-do-triplex\/\"><font size=\"3\" face=\"Arial\">condenado a nove anos e seis meses de pris\u00e3o pelo juiz Sergio Moro na Lava Jato<\/font><\/a><font size=\"3\" face=\"Arial\">, al\u00e9m de se colocar no jogo pol\u00edtico de 2018, mesmo que n\u00e3o tenha condi\u00e7\u00f5es de ser o candidato. As idas \u00e0s universidades criadas na gest\u00e3o petistas e em obras de grande porte \u00e9 parte do discurso de \u201cdesmonte\u201d realizado pelo governo Temer. <strong><font size=\"2\">Fonte: Di\u00e1rio de Pernambuco<\/font><\/strong><\/font>  <\/p>\n<p align=\"center\"><strong><em><font size=\"4\" face=\"Arial\"><u>Confira o roteiro de Lula no Nordeste:<\/u><\/font><\/em><\/strong>  <\/p>\n<p align=\"center\"><font face=\"Arial\"><font size=\"3\"><strong>Quinta-feira, 17 de agosto de 2017 (Dia 01)<\/strong><br \/>15h \u2013 Embarque para Feira de Santana (Previs\u00e3o de 2 horas de voo)<br \/>17h \u2013 Desembarque em Feira de Santana<br \/>19h \u2013 Ato de Defesa das Politicas P\u00fablicas para o Semi\u00e1rido e Agricultura familiar<br \/>Pernoite em Feira de Santana<\/font><\/font><\/p>\n<p align=\"center\"><font face=\"Arial\"><font size=\"3\"><strong>Sexta-feira, 18 de agosto de 2017 (Dia 02)<\/strong><br \/>Deslocamento para Cruz das Almas (80km, 1h20 de estrada)<br \/>10h \u2013 Recebe T\u00edtulo de Doutor Honoris Causa (UFRB)<br \/>12h30 \u2013 Almo\u00e7o (Com Reitor e prefeito)<br \/>15h \u2013 Festival de Juventude<br \/>Deslocamento para S\u00e3o Francisco do Conde (115km, 1h15 de estrada)<br \/>19h \u2013 Unilab (Cola\u00e7\u00e3o de Grau) \u2013 Ex-presidente Lula Patrono dos alunos<br \/>Deslocamento para Salvador (55km, 1h00 de estrada)<br \/>Pernoite em Salvador<\/font><\/font><\/p>\n<p align=\"center\"><font face=\"Arial\"><font size=\"3\"><strong>S\u00e1bado<\/strong><strong>, 19 de agosto de 2017 (Dia 03)<\/strong><\/font><\/font><strong><br \/><\/strong><font size=\"3\" face=\"Arial\">08h \u2013 Imprensa<br \/>10h \u2013 Ato de Lan\u00e7amento da 3\u00b0 Fase do Memorial da Democracia<br \/>13h \u2013 Almo\u00e7o com Governador Rui Costa (PT)<br \/>Reuni\u00f5es pol\u00edticas com Jaques Wagner (PT) e Rui Costa (PT)<br \/>Pernoite em Salvador<\/font><\/p>\n<p align=\"center\"><font face=\"Arial\"><font size=\"3\"><strong>Domingo<\/strong><strong>, 20 de agosto de 2017 (Dia 04)<\/strong><\/font><\/font><strong><br \/><\/strong><font size=\"3\" face=\"Arial\">10h \u2013 Deslocamento para Est\u00e2ncia (255km, 3h30)<br \/>13h \u2013 Almo\u00e7o na estrada (Metade do Caminho \u2013 Antes de Conde \u2013 BA)<br \/>16h \u2013 Chegada em Est\u00e2ncia<br \/>Ato de recep\u00e7\u00e3o em Sergipe<br \/>19h \u2013 Deslocamento para Aracaju (70km, 1h10)<br \/>Jantar com M\u00e1rcio Macedo e convidados<br \/>Pernoite em Aracaju<\/font><\/p>\n<p align=\"center\"><font face=\"Arial\"><font size=\"3\"><strong>Segunda-feira<\/strong><strong>, 21 de agosto de 2017 (Dia 05)<\/strong><\/font><\/font><strong><br \/><\/strong><font size=\"3\" face=\"Arial\">09h \u2013 Deslocamento para Lagarto (81km, 1h20)<br \/>10h \u2013 12h00 \u2013 T\u00edtulo de Doutor Honoris Causa (Universidade Federal de Sergipe)<br \/>13h \u2013 Deslocamento para Itabaiana (42km, 50min)<br \/>14h \u2013 Almo\u00e7o com Presidente da Assembleia Legislativa de Sergipe e convidados<br \/>17h \u2013 Deslocamento para Nossa Senhora da Gl\u00f3ria (62km, 1h)<br \/>19h \u2013 Ato<br \/>21h \u2013 Deslocamento para Aracaju<br \/>Pernoite em Aracaju<\/font><\/p>\n<p align=\"center\"><font face=\"Arial\"><font size=\"3\"><strong>Ter\u00e7a-feira<\/strong><strong>, 22 de agosto de 2017 (Dia 06)<\/strong><\/font><\/font><strong><br \/><\/strong><font size=\"3\" face=\"Arial\">Imprensa (R\u00e1dio \/ TV Record)<br \/>10h \u2013 Visita ao Conjunto Habitacional Jos\u00e9 Eduardo Dutra<br \/>Atividade com mulheres catadoras de aratu\/mangaba<br \/>13h \u2013 Almo\u00e7o no \u00f4nibus<br \/>Deslocamento para Penedo (122km, 2h20 de estrada)<br \/>16h \u2013 Atividade na recep\u00e7\u00e3o no Porto de Penedo \u2013 Travessia do Rio S\u00e3o Francisco \u2013 Chegada de Barco<br \/>Deslocamento para Arapiraca (72km, 1h20)<br \/>Pernoite em Arapiraca<\/font><\/p>\n<p align=\"center\"><font face=\"Arial\"><font size=\"3\"><strong>Quarta-feira, 23 de agosto de 2017 (Dia 07)<br \/><\/strong>Imprensa<br \/>10h \u2013 Recebe t\u00edtulo de Doutor Honoris Causa da UNEAL<br \/>12h30 \u2013 Almo\u00e7o<br \/>16h \u2013 Ato<br \/>Deslocamento para Macei\u00f3 (132km, 2h10)<br \/>Jantar com governador Renan Filho (PMDB)<br \/>Pernoite em Macei\u00f3<\/font><\/font><\/p>\n<p align=\"center\"><font face=\"Arial\"><font size=\"3\"><strong>Quinta-feira<\/strong><strong>, 24 de agosto de 2017 (Dia 08)<\/strong><\/font><\/font><strong><br \/><\/strong><font size=\"3\" face=\"Arial\">Imprensa<br \/>12h30 \u2013 Almo\u00e7o<br \/>14h00 \u2013 Deslocamento para Recife (260km, 4h00)<br \/>19h \u2013 Ato de filia\u00e7\u00e3o de dirigentes sindicais cutistas ao PT (com presen\u00e7a de prefeitos, parlamentares e dirigentes do PT) \u2013 Sindicato dos Banc\u00e1rios<br \/>Pernoite em Recife<\/font><\/p>\n<p align=\"center\"><font face=\"Arial\"><font size=\"3\"><strong>Sexta-feira<\/strong><strong>, 25 de agosto de 2017 (Dia 09)<\/strong><\/font><\/font><strong><br \/><\/strong><font size=\"3\" face=\"Arial\">Imprensa<br \/>10h \u2013 Visita ao museu Luiz Gonzaga \/ Visita a Bras\u00edlia Teimosa<br \/>13h \u2013 Almo\u00e7o<br \/>17h \u2013 Ato na Parque Dona Lind\u00fa<br \/>Jantar<br \/>Pernoite em Recife<\/font><\/p>\n<p align=\"center\"><font face=\"Arial\"><font size=\"3\"><strong>S\u00e1bado<\/strong><strong>, 26 de agosto de 2017 (Dia 10)<\/strong><\/font><\/font><strong><br \/><\/strong><font size=\"3\" face=\"Arial\">Deslocamento para Porto de Suape (53km, 1h10)<br \/>11h \u2013 Ato dos trabalhares em Defesa da Ind\u00fastria Petroqu\u00edmica e Naval, na Refinaria Abreu e Lima<br \/>13h \u2013 Almo\u00e7o no \u00f4nibus<br \/>Deslocamento para Jo\u00e3o Pessoa (170km, 2h50)<br \/>19h \u2013 Recebimento do T\u00edtulo de Doutor Honoris Causa da UFPB<br \/>Seguido de ato pol\u00edtico de filia\u00e7\u00e3o ao PT com apresenta\u00e7\u00e3o cultural<br \/>Pernoite em Jo\u00e3o Pessoa<\/font><\/p>\n<p align=\"center\"><font face=\"Arial\"><font size=\"3\"><strong>Domingo<\/strong><strong>, 27 de agosto de 2017 (Dia 11)<\/strong><\/font><\/font><strong><br \/><\/strong><font size=\"3\" face=\"Arial\">08h \u2013 Deslocamento para Campina Grande (133km, 1h40)<br \/>10h \u2013 Ato<br \/>12h \u2013 Almo\u00e7o no \u00f4nibus<br \/>Deslocamento para Currais Novos (206km, 3h15)<br \/>17h \u2013 Ato<br \/>Pernoite em Currais Novos<\/font><\/p>\n<p align=\"center\"><font face=\"Arial\"><font size=\"3\"><strong>Segunda-feira<\/strong><strong>, 28 de agosto de 2017 (Dia 12)<\/strong><\/font><\/font><strong><br \/><\/strong><font size=\"3\" face=\"Arial\">Imprensa<br \/>10h \u2013 Deslocamento para Mossor\u00f3 (201km, 2h50)<br \/>13h \u2013 Almo\u00e7o<br \/>18h \u2013 Ato<br \/>Pernoite em Mossor\u00f3<\/font><\/p>\n<p align=\"center\"><font face=\"Arial\"><font size=\"3\"><strong>Ter\u00e7a-feira<\/strong><strong>, 29 de agosto de 2017 (Dia 13)<\/strong><\/font><\/font><strong><br \/><\/strong><font size=\"3\" face=\"Arial\">Imprensa<br \/>09h \u2013 Deslocamento para Quixad\u00e1 (242km, 4h)<br \/>13h \u2013 Almo\u00e7o<br \/>16h \u2013 Atividade com m\u00e9dicos e juventude<br \/>Pernoite em Quixad\u00e1<\/font><\/p>\n<p align=\"center\"><font face=\"Arial\"><font size=\"3\"><strong>Quarta-feira<\/strong><strong>, 30 de agosto de 2017 (Dia 14)<\/strong><\/font><\/font><strong><br \/><\/strong><font size=\"3\" face=\"Arial\">Imprensa<br \/>08h \u2013 Deslocamento para Juazeiro (326km, 5h)<br \/>13h \u2013 Almo\u00e7o<br \/>16h \u2013 Ato no CRAJUBA<br \/>Pernoite em Juazeiro do Norte<\/font><\/p>\n<p align=\"center\"><font face=\"Arial\"><font size=\"3\"><strong>Quinta-feira, 31 de agosto de 2017 (Dia 15)<\/strong><br \/>Imprensa<br \/>Visita a Capela do Socorro<br \/>10h \u2013 Deslocamento para Ouricuri (137km, 2h10)<br \/>12h30 \u2013 Almo\u00e7o<br \/>16h \u2013 Ato<br \/>Deslocamento para Marcol\u00e2ndia (96km, 1h40)<br \/>Pernoite em Marcol\u00e2ndia<\/font><\/font><\/p>\n<p align=\"center\"><font face=\"Arial\"><font size=\"3\"><strong>Sexta-feira<\/strong><strong>, 01 de setembro de 2017 (Dia 16)<\/strong><\/font><\/font><strong><br \/><\/strong><font size=\"3\" face=\"Arial\">Imprensa<br \/>10h \u2013 Atividade Energia E\u00f3lica<br \/>12h \u2013 Almo\u00e7o no \u00f4nibus<br \/>Deslocamento para Picos (100km, 1h40)<br \/>16h \u2013 Ato<br \/>Pernoite em Picos<\/font><\/p>\n<p align=\"center\"><font face=\"Arial\"><font size=\"3\"><strong>S\u00e1bado<\/strong><strong>, 02 de setembro de 2017 (Dia 17)<\/strong><\/font><\/font><strong><br \/><\/strong><font size=\"3\" face=\"Arial\">Imprensa<br \/>10h \u2013 Visita a produ\u00e7\u00e3o de agricultura<br \/>13h \u2013 Almo\u00e7o no \u00f4nibus<br \/>Deslocamento para Teresina (326km, 5h)<br \/>Jantar com empres\u00e1rios e lideran\u00e7as pol\u00edticas<br \/>Pernoite em Teresina<\/font><\/p>\n<p align=\"center\"><font face=\"Arial\"><font size=\"3\"><strong>Domingo<\/strong><strong>, 03 de setembro de 2017 (Dia 18)<\/strong><\/font><\/font><strong><br \/><\/strong><font size=\"3\" face=\"Arial\">Imprensa<br \/>10h \u2013 Ato<br \/>13h \u2013 Almo\u00e7o<br \/>Deslocamento para S\u00e3o Lu\u00eds (De avi\u00e3o, 1h de voo)<br \/>Jantar com governador Fl\u00e1vio Dino (PCdoB)<br \/>Pernoite em S\u00e3o Lu\u00eds<\/font><\/p>\n<p align=\"center\"><font face=\"Arial\"><font size=\"3\"><strong>Segunda-feira<\/strong><strong>, 04 de setembro de 2017 (Dia 19)<\/strong><\/font><\/font><strong><br \/><\/strong><font size=\"3\" face=\"Arial\">Imprensa<br \/>Deslocamento para Itapecuru Mirim (117km, 1h40)<br \/>11h \u2013 Visita ao assentamento Cristina Alves<br \/>13h \u2013 Almo\u00e7o no Deslocamento para S\u00e3o Lu\u00eds (117km, 1h40)<br \/>17h \u2013 Ato<br \/>Pernoite em S\u00e3o Lu\u00eds<\/font><\/p>\n<p align=\"center\"><font face=\"Arial\"><font size=\"3\"><strong>Ter\u00e7a-feira<\/strong><strong>, 05 de setembro de 2017 (Dia 20)<\/strong><\/font><\/font><strong><br \/><\/strong><font size=\"3\" face=\"Arial\">10h \u2013 Embarque para S\u00e3o Paulo<\/font><\/p>\n<div style=\"margin-top: 0px; margin-bottom: 0px;\" class=\"sharethis-inline-share-buttons\" ><\/div>","protected":false},"excerpt":{"rendered":"<p>O ex-presidente Luiz In\u00e1cio Lula da Silva (PT) inicia a caravana pelo Nordeste no pr\u00f3ximo dia 17 de agosto, em Feira de Santana, na Bahia, e finaliza no dia 5 de setembro, quando embarca de S\u00e3o Lu\u00eds, no Maranh\u00e3o, com destino a S\u00e3o Paulo. Em Pernambuco, o petista passar\u00e1 os dias 24, 25 e 26 [&hellip;]<\/p>\n","protected":false},"author":1,"featured_media":0,"comment_status":"open","ping_status":"open","sticky":false,"template":"","format":"standard","meta":{"footnotes":""},"categories":[2],"tags":[],"class_list":["post-3534","post","type-post","status-publish","format-standard","hentry","category-noticias-do-dia"],"_links":{"self":[{"href":"https:\/\/www.saloanoticias.com\/v1\/wp-json\/wp\/v2\/posts\/3534","targetHints":{"allow":["GET"]}}],"collection":[{"href":"https:\/\/www.saloanoticias.com\/v1\/wp-json\/wp\/v2\/posts"}],"about":[{"href":"https:\/\/www.saloanoticias.com\/v1\/wp-json\/wp\/v2\/types\/post"}],"author":[{"embeddable":true,"href":"https:\/\/www.saloanoticias.com\/v1\/wp-json\/wp\/v2\/users\/1"}],"replies":[{"embeddable":true,"href":"https:\/\/www.saloanoticias.com\/v1\/wp-json\/wp\/v2\/comments?post=3534"}],"version-history":[{"count":0,"href":"https:\/\/www.saloanoticias.com\/v1\/wp-json\/wp\/v2\/posts\/3534\/revisions"}],"wp:attachment":[{"href":"https:\/\/www.saloanoticias.com\/v1\/wp-json\/wp\/v2\/media?parent=3534"}],"wp:term":[{"taxonomy":"category","embeddable":true,"href":"https:\/\/www.saloanoticias.com\/v1\/wp-json\/wp\/v2\/categories?post=3534"},{"taxonomy":"post_tag","embeddable":true,"href":"https:\/\/www.saloanoticias.com\/v1\/wp-json\/wp\/v2\/tags?post=3534"}],"curies":[{"name":"wp","href":"https:\/\/api.w.org\/{rel}","templated":true}]}}