{"id":3533,"date":"2017-08-07T14:00:00","date_gmt":"2017-08-07T14:00:00","guid":{"rendered":"https:\/\/saloanoticias.mrmediaweb.com\/v1\/2017\/08\/07\/missa-de-1-aniversario-em-memoria-da-alma-de-jose-antonio-artaujo-souto-ze-antonio-do-leite\/"},"modified":"2017-08-07T14:00:00","modified_gmt":"2017-08-07T14:00:00","slug":"missa-de-1-aniversario-em-memoria-da-alma-de-jose-antonio-artaujo-souto-ze-antonio-do-leite","status":"publish","type":"post","link":"https:\/\/www.saloanoticias.com\/v1\/missa-de-1-aniversario-em-memoria-da-alma-de-jose-antonio-artaujo-souto-ze-antonio-do-leite\/","title":{"rendered":"MISSA DE 1\u00ba ANIVERS\u00c1RIO EM MEM\u00d3RIA DA ALMA DE JOS\u00c9 ANT\u00d4NIO DE ARA\u00daJO SOUTO (Z\u00c9 ANT\u00d4NIO DO LEITE)"},"content":{"rendered":"<p align=\"justify\"><font size=\"3\" face=\"Arial\"><a href=\"http:\/\/www.saloanoticias.com\/images\/img_20170803_083508034_cad92e15ee2576e56a733978a470a0ec.jpg\"><img loading=\"lazy\" decoding=\"async\" title=\"IMG_20170803_083508034\" style=\"border-top: 0px; border-right: 0px; background-image: none; border-bottom: 0px; float: none; padding-top: 0px; padding-left: 0px; margin: 0px auto 10px; border-left: 0px; display: block; padding-right: 0px\" border=\"0\" alt=\"IMG_20170803_083508034\" src=\"http:\/\/www.saloanoticias.com\/v1\/wp-content\/uploads\/imagens\/img_20170803_083508034_thumb_bd6944aec25cdaaac828de5d618c4327.jpg\" width=\"1510\" height=\"1173\"><\/a>A esposa, Cinthia Siqueira Melo Souto (Cinthia Barra Nova), os filhos, Jos\u00e9 Neto, Diego Rafael, Esther Meline, os irm\u00e3os, Paulo do Leite, Eduardo do Leite, Andr\u00e9 do Leite, os pais, Jos\u00e9 Alves de Ara\u00fajo (Z\u00e9 do Leite) e Maria do Socorro Souto Ara\u00fajo (Socorro do Leite), tios, primos, cunhadas e sobrinhos, convidam todos os parentes e amigos, para participarem da missa de 1\u00ba anivers\u00e1rio que mandam celebrar em mem\u00f3ria da alma de Jos\u00e9 Ant\u00f4nio Souto Ara\u00fajo, o saudoso Z\u00e9 Ant\u00f4nio do Leite, ex-vice-prefeito de Salo\u00e1\/PE. <\/font><font size=\"3\" face=\"Arial\">A celebra\u00e7\u00e3o ser\u00e1 realizada na pr\u00f3xima sexta-feira, dia 11 de agosto de 2017, \u00e0s 19h na Igreja Matriz de S\u00e3o Vicente de Paulo no centro e <\/font><font size=\"3\" face=\"Arial\">ser\u00e1 celebrada pelo Padre Jos\u00e9 Everaldo, p\u00e1roco local. Desde j\u00e1, os familiares agradecem a todos que comparecerem a este ato de f\u00e9 e irmandade crist\u00e3.<\/font><\/p>\n<div style=\"margin-top: 0px; margin-bottom: 0px;\" class=\"sharethis-inline-share-buttons\" ><\/div>","protected":false},"excerpt":{"rendered":"<p>A esposa, Cinthia Siqueira Melo Souto (Cinthia Barra Nova), os filhos, Jos\u00e9 Neto, Diego Rafael, Esther Meline, os irm\u00e3os, Paulo do Leite, Eduardo do Leite, Andr\u00e9 do Leite, os pais, Jos\u00e9 Alves de Ara\u00fajo (Z\u00e9 do Leite) e Maria do Socorro Souto Ara\u00fajo (Socorro do Leite), tios, primos, cunhadas e sobrinhos, convidam todos os parentes [&hellip;]<\/p>\n","protected":false},"author":1,"featured_media":0,"comment_status":"open","ping_status":"open","sticky":false,"template":"","format":"standard","meta":{"footnotes":""},"categories":[2],"tags":[],"class_list":["post-3533","post","type-post","status-publish","format-standard","hentry","category-noticias-do-dia"],"_links":{"self":[{"href":"https:\/\/www.saloanoticias.com\/v1\/wp-json\/wp\/v2\/posts\/3533","targetHints":{"allow":["GET"]}}],"collection":[{"href":"https:\/\/www.saloanoticias.com\/v1\/wp-json\/wp\/v2\/posts"}],"about":[{"href":"https:\/\/www.saloanoticias.com\/v1\/wp-json\/wp\/v2\/types\/post"}],"author":[{"embeddable":true,"href":"https:\/\/www.saloanoticias.com\/v1\/wp-json\/wp\/v2\/users\/1"}],"replies":[{"embeddable":true,"href":"https:\/\/www.saloanoticias.com\/v1\/wp-json\/wp\/v2\/comments?post=3533"}],"version-history":[{"count":0,"href":"https:\/\/www.saloanoticias.com\/v1\/wp-json\/wp\/v2\/posts\/3533\/revisions"}],"wp:attachment":[{"href":"https:\/\/www.saloanoticias.com\/v1\/wp-json\/wp\/v2\/media?parent=3533"}],"wp:term":[{"taxonomy":"category","embeddable":true,"href":"https:\/\/www.saloanoticias.com\/v1\/wp-json\/wp\/v2\/categories?post=3533"},{"taxonomy":"post_tag","embeddable":true,"href":"https:\/\/www.saloanoticias.com\/v1\/wp-json\/wp\/v2\/tags?post=3533"}],"curies":[{"name":"wp","href":"https:\/\/api.w.org\/{rel}","templated":true}]}}