{"id":3532,"date":"2017-08-07T12:05:00","date_gmt":"2017-08-07T12:05:00","guid":{"rendered":"https:\/\/saloanoticias.mrmediaweb.com\/v1\/2017\/08\/07\/joao-aristide-falece-e-sera-sepultado-em-garanhuns\/"},"modified":"2017-08-07T12:05:00","modified_gmt":"2017-08-07T12:05:00","slug":"joao-aristide-falece-e-sera-sepultado-em-garanhuns","status":"publish","type":"post","link":"https:\/\/www.saloanoticias.com\/v1\/joao-aristide-falece-e-sera-sepultado-em-garanhuns\/","title":{"rendered":"JO\u00c3O ARISTIDES FALECE E SER\u00c1 SEPULTADO NA CIDADE DE GARANHUNS"},"content":{"rendered":"<p align=\"justify\"><font size=\"3\" face=\"Arial\"><a href=\"http:\/\/www.saloanoticias.com\/images\/img_20170803_083508034_7a0dc657bfffc3a3792fd765a3e45b81.jpg\"><img loading=\"lazy\" decoding=\"async\" title=\"IMG_20170803_083508034\" style=\"border-top: 0px; border-right: 0px; background-image: none; border-bottom: 0px; float: left; padding-top: 0px; padding-left: 0px; margin: 5px 5px 0px 0px; border-left: 0px; display: inline; padding-right: 0px\" border=\"0\" alt=\"IMG_20170803_083508034\" src=\"http:\/\/www.saloanoticias.com\/v1\/wp-content\/uploads\/imagens\/img_20170803_083508034_thumb_16d8260ce94899c5876b32283581a445.jpg\" width=\"199\" align=\"left\" height=\"204\"><\/a>Faleceu no come\u00e7o da manh\u00e3 de ontem, domingo (6), no Hospital Dom Moura de Garanhuns\/PE, o Sr. Jo\u00e3o Aristides da Silva de 74 anos de idade, o popular Jo\u00e3o Enfermeiro, v\u00edtima de complica\u00e7\u00f5es de sa\u00fade. Segundo os familiares, ele esteva internado e teve uma forte pneumonia e ainda tinha problemas de bronquite e asma. Jo\u00e3o faleceu \u00e0s 10:30h da manh\u00e3 de ontem e o seu corpo est\u00e1 sendo velado na funer\u00e1ria OSACRE, de onde sair\u00e1 o f\u00e9retro para o cemit\u00e9rio \u00e0s 10h da manh\u00e3. Ele era uma pessoa bastante conhecida na cidade de Salo\u00e1\/PE e trabalhou por d\u00e9cadas no Hospital Josina Godoy do munic\u00edpio prestando relevantes servi\u00e7os \u00e0 popula\u00e7\u00e3o.<\/font><\/p>\n<div style=\"margin-top: 0px; margin-bottom: 0px;\" class=\"sharethis-inline-share-buttons\" ><\/div>","protected":false},"excerpt":{"rendered":"<p>Faleceu no come\u00e7o da manh\u00e3 de ontem, domingo (6), no Hospital Dom Moura de Garanhuns\/PE, o Sr. Jo\u00e3o Aristides da Silva de 74 anos de idade, o popular Jo\u00e3o Enfermeiro, v\u00edtima de complica\u00e7\u00f5es de sa\u00fade. Segundo os familiares, ele esteva internado e teve uma forte pneumonia e ainda tinha problemas de bronquite e asma. Jo\u00e3o [&hellip;]<\/p>\n","protected":false},"author":1,"featured_media":0,"comment_status":"open","ping_status":"open","sticky":false,"template":"","format":"standard","meta":{"footnotes":""},"categories":[2],"tags":[],"class_list":["post-3532","post","type-post","status-publish","format-standard","hentry","category-noticias-do-dia"],"_links":{"self":[{"href":"https:\/\/www.saloanoticias.com\/v1\/wp-json\/wp\/v2\/posts\/3532","targetHints":{"allow":["GET"]}}],"collection":[{"href":"https:\/\/www.saloanoticias.com\/v1\/wp-json\/wp\/v2\/posts"}],"about":[{"href":"https:\/\/www.saloanoticias.com\/v1\/wp-json\/wp\/v2\/types\/post"}],"author":[{"embeddable":true,"href":"https:\/\/www.saloanoticias.com\/v1\/wp-json\/wp\/v2\/users\/1"}],"replies":[{"embeddable":true,"href":"https:\/\/www.saloanoticias.com\/v1\/wp-json\/wp\/v2\/comments?post=3532"}],"version-history":[{"count":0,"href":"https:\/\/www.saloanoticias.com\/v1\/wp-json\/wp\/v2\/posts\/3532\/revisions"}],"wp:attachment":[{"href":"https:\/\/www.saloanoticias.com\/v1\/wp-json\/wp\/v2\/media?parent=3532"}],"wp:term":[{"taxonomy":"category","embeddable":true,"href":"https:\/\/www.saloanoticias.com\/v1\/wp-json\/wp\/v2\/categories?post=3532"},{"taxonomy":"post_tag","embeddable":true,"href":"https:\/\/www.saloanoticias.com\/v1\/wp-json\/wp\/v2\/tags?post=3532"}],"curies":[{"name":"wp","href":"https:\/\/api.w.org\/{rel}","templated":true}]}}