{"id":3531,"date":"2017-08-05T15:42:00","date_gmt":"2017-08-05T15:42:00","guid":{"rendered":"https:\/\/saloanoticias.mrmediaweb.com\/v1\/2017\/08\/05\/circulo-de-oracao-do-povoado-sao-serafim-estara-comemorando-mais-um-aniversario-neste-domingo-6\/"},"modified":"2017-08-05T15:42:00","modified_gmt":"2017-08-05T15:42:00","slug":"circulo-de-oracao-do-povoado-sao-serafim-estara-comemorando-mais-um-aniversario-neste-domingo-6","status":"publish","type":"post","link":"https:\/\/www.saloanoticias.com\/v1\/circulo-de-oracao-do-povoado-sao-serafim-estara-comemorando-mais-um-aniversario-neste-domingo-6\/","title":{"rendered":"IVONALDO ALBUQUERQUE CANTA NA FESTA DO C\u00cdRCULO DE ORA\u00c7\u00c3O DA ASSEMBLEIA DE DEUS DO POVOADO S\u00c3O SERAFIM AMANH\u00c3, DIA 6 DE AGOSTO DE 2017"},"content":{"rendered":"<p align=\"justify\"><font size=\"3\" face=\"Arial\"><a href=\"http:\/\/www.saloanoticias.com\/images\/vencedores-por-cristo-salo_dbc012a570d44e602d8c1377312ead66.jpg\"><img loading=\"lazy\" decoding=\"async\" title=\"vencedores-por-cristo-salo\" style=\"border-top: 0px; border-right: 0px; background-image: none; border-bottom: 0px; float: left; padding-top: 0px; padding-left: 0px; margin: 5px 5px 0px 0px; border-left: 0px; display: inline; padding-right: 0px\" border=\"0\" alt=\"vencedores-por-cristo-salo\" src=\"http:\/\/www.saloanoticias.com\/v1\/wp-content\/uploads\/imagens\/vencedores-por-cristo-salo_thumb_9277458241d6950d51c4f0b1b4a640da.jpg\" width=\"275\" align=\"left\" height=\"206\"><\/a>Acontece na tarde e noite deste domingo, dia 6 de agosto de 2017, na sede da Igreja Evang\u00e9lica Assembleia de Deus em Salo\u00e1\/PE, que fica na Rua Rold\u00e3o Ten\u00f3rio Cavalcante, n.\u00ba 100, no Centro, a festa de anivers\u00e1rio do c\u00edrculo de ora\u00e7\u00e3o da congrega\u00e7\u00e3o do povoado S\u00e3o Serafim. O evento se estender\u00e1 at\u00e9 a noite, quando haver\u00e1 o grande culto de encerramento com a presen\u00e7a de um pregador especialmente convidado e do cantor Ivonaldo Albuquerque do Recife. Ser\u00e3o momentos de muita adora\u00e7\u00e3o e agradecimento a Deus por mais um ano de muitas vit\u00f3rias.<\/font><\/p>\n<p align=\"justify\"><font size=\"3\" face=\"Arial\">O grupo de ora\u00e7\u00e3o do S\u00e3o Serafim tem a dire\u00e7\u00e3o da irm\u00e3 Eva Vieira, e a coordena\u00e7\u00e3o local do pastor Ademir Barbosa. <\/font><font size=\"3\" face=\"Arial\">As informa\u00e7\u00f5es que temos d\u00e3o conta de que v\u00e1rias comiss\u00f5es vindas de outras localidades estar\u00e3o presentes tamb\u00e9m. Ore, Divulgue e Participe, pois, Deus tem uma palavra ao seu cora\u00e7\u00e3o. Lembramos que o culto da tarde ter\u00e1 in\u00edcio \u00e0s 14h e o da noite come\u00e7a \u00e0s 19:00 h. Lembramos que o evento ter\u00e1 a cobertura do Blog Salo\u00e1 Not\u00edcias.<\/font><\/p>\n<div style=\"margin-top: 0px; margin-bottom: 0px;\" class=\"sharethis-inline-share-buttons\" ><\/div>","protected":false},"excerpt":{"rendered":"<p>Acontece na tarde e noite deste domingo, dia 6 de agosto de 2017, na sede da Igreja Evang\u00e9lica Assembleia de Deus em Salo\u00e1\/PE, que fica na Rua Rold\u00e3o Ten\u00f3rio Cavalcante, n.\u00ba 100, no Centro, a festa de anivers\u00e1rio do c\u00edrculo de ora\u00e7\u00e3o da congrega\u00e7\u00e3o do povoado S\u00e3o Serafim. O evento se estender\u00e1 at\u00e9 a noite, [&hellip;]<\/p>\n","protected":false},"author":1,"featured_media":0,"comment_status":"open","ping_status":"open","sticky":false,"template":"","format":"standard","meta":{"footnotes":""},"categories":[2],"tags":[],"class_list":["post-3531","post","type-post","status-publish","format-standard","hentry","category-noticias-do-dia"],"_links":{"self":[{"href":"https:\/\/www.saloanoticias.com\/v1\/wp-json\/wp\/v2\/posts\/3531","targetHints":{"allow":["GET"]}}],"collection":[{"href":"https:\/\/www.saloanoticias.com\/v1\/wp-json\/wp\/v2\/posts"}],"about":[{"href":"https:\/\/www.saloanoticias.com\/v1\/wp-json\/wp\/v2\/types\/post"}],"author":[{"embeddable":true,"href":"https:\/\/www.saloanoticias.com\/v1\/wp-json\/wp\/v2\/users\/1"}],"replies":[{"embeddable":true,"href":"https:\/\/www.saloanoticias.com\/v1\/wp-json\/wp\/v2\/comments?post=3531"}],"version-history":[{"count":0,"href":"https:\/\/www.saloanoticias.com\/v1\/wp-json\/wp\/v2\/posts\/3531\/revisions"}],"wp:attachment":[{"href":"https:\/\/www.saloanoticias.com\/v1\/wp-json\/wp\/v2\/media?parent=3531"}],"wp:term":[{"taxonomy":"category","embeddable":true,"href":"https:\/\/www.saloanoticias.com\/v1\/wp-json\/wp\/v2\/categories?post=3531"},{"taxonomy":"post_tag","embeddable":true,"href":"https:\/\/www.saloanoticias.com\/v1\/wp-json\/wp\/v2\/tags?post=3531"}],"curies":[{"name":"wp","href":"https:\/\/api.w.org\/{rel}","templated":true}]}}