{"id":3530,"date":"2017-08-06T17:50:00","date_gmt":"2017-08-06T17:50:00","guid":{"rendered":"https:\/\/saloanoticias.mrmediaweb.com\/v1\/2017\/08\/06\/base-governista-se-reune-para-tracar-metas-de-desenvolvimento-em-saloa\/"},"modified":"2017-08-06T17:50:00","modified_gmt":"2017-08-06T17:50:00","slug":"base-governista-se-reune-para-tracar-metas-de-desenvolvimento-em-saloa","status":"publish","type":"post","link":"https:\/\/www.saloanoticias.com\/v1\/base-governista-se-reune-para-tracar-metas-de-desenvolvimento-em-saloa\/","title":{"rendered":"BASE GOVERNISTA SE RE\u00daNE PARA TRA\u00c7AR METAS DE DESENVOLVIMENTO PARA SALO\u00c1"},"content":{"rendered":"<p align=\"justify\"><font size=\"3\" face=\"Arial\"><a href=\"http:\/\/www.saloanoticias.com\/images\/img_20170803_083204976_cfabe256570e66cbdf3949b790c8d74c.jpg\"><img loading=\"lazy\" decoding=\"async\" title=\"IMG_20170803_083204976\" style=\"border-left-width: 0px; border-right-width: 0px; background-image: none; border-bottom-width: 0px; float: none; padding-top: 0px; padding-left: 0px; margin: 0px auto 10px; display: block; padding-right: 0px; border-top-width: 0px\" border=\"0\" alt=\"IMG_20170803_083204976\" src=\"http:\/\/www.saloanoticias.com\/v1\/wp-content\/uploads\/imagens\/img_20170803_083204976_thumb_3ab2e5eaefb40764fdd6bc019f9fa02a.jpg\" width=\"1484\" height=\"959\"><\/a>A base governista na C\u00e2mara Municipal de Salo\u00e1 est\u00e1 cada vez mais compacta e unida. A exemplo disso podemos citar a participa\u00e7\u00e3o dos vereadores nos assuntos da administra\u00e7\u00e3o atrav\u00e9s de eventos promovidos pelo governo e tamb\u00e9m de reuni\u00f5es feitas com a participa\u00e7\u00e3o do pr\u00f3prio prefeito Ricardo Alves. Na semana passada aconteceu mais uma desses di\u00e1logos com todos os vereadores e o gestor no intuito de tra\u00e7ar metas de desenvolvimento para os pr\u00f3ximos meses na cidade.<\/font><\/p>\n<p align=\"justify\"><font size=\"3\" face=\"Arial\">Participaram da reuni\u00e3o todos os parlamentares, menos o vereador Ivan do Co\u00eama (PSDB), que teve que se ausentar por motivos particulares. Ricardo Alves ouviu cada um dos vereadores com o objetivo de saber as opini\u00f5es e assim, tornar Salo\u00e1 uma cidade cada vez melhor. Foi conversado sobre sa\u00fade, educa\u00e7\u00e3o, estradas, cal\u00e7amentos e muitos outros temas importantes. V\u00e1rios secret\u00e1rios tamb\u00e9m participaram e escutaram as ideias dos parlamentares.<\/font><\/p>\n<p align=\"justify\"><font size=\"3\" face=\"Arial\">O prefeito se disse bastante satisfeito com a presen\u00e7a dos oito edis e disse que somente atrav\u00e9s do di\u00e1logo \u00e9 que se chega a grandes conquistas, principalmente ouvindo os vereadores que s\u00e3o os leg\u00edtimos representantes da popula\u00e7\u00e3o. Ricardo Alves ainda anunciou a\u00e7\u00f5es que ser\u00e3o realizadas nos pr\u00f3ximos meses e agradeceu a presen\u00e7a de todos. Participaram da reuni\u00e3o os vereadores Ronaldinho Birunda (PSB), Eduardo de Ant\u00f4nio Dentista (PMDB), Beto da Sa\u00fade (PMDB), Jamel\u00e3o (PMDB), J\u00fanior de Rivaldo (PMDB), Tisley Vicente (PRTB), Vilma da Prata (PTB) e Reinaldo Martins (PMDB).<\/font><\/p>\n<div style=\"margin-top: 0px; margin-bottom: 0px;\" class=\"sharethis-inline-share-buttons\" ><\/div>","protected":false},"excerpt":{"rendered":"<p>A base governista na C\u00e2mara Municipal de Salo\u00e1 est\u00e1 cada vez mais compacta e unida. A exemplo disso podemos citar a participa\u00e7\u00e3o dos vereadores nos assuntos da administra\u00e7\u00e3o atrav\u00e9s de eventos promovidos pelo governo e tamb\u00e9m de reuni\u00f5es feitas com a participa\u00e7\u00e3o do pr\u00f3prio prefeito Ricardo Alves. Na semana passada aconteceu mais uma desses di\u00e1logos [&hellip;]<\/p>\n","protected":false},"author":1,"featured_media":0,"comment_status":"open","ping_status":"open","sticky":false,"template":"","format":"standard","meta":{"footnotes":""},"categories":[2],"tags":[],"class_list":["post-3530","post","type-post","status-publish","format-standard","hentry","category-noticias-do-dia"],"_links":{"self":[{"href":"https:\/\/www.saloanoticias.com\/v1\/wp-json\/wp\/v2\/posts\/3530","targetHints":{"allow":["GET"]}}],"collection":[{"href":"https:\/\/www.saloanoticias.com\/v1\/wp-json\/wp\/v2\/posts"}],"about":[{"href":"https:\/\/www.saloanoticias.com\/v1\/wp-json\/wp\/v2\/types\/post"}],"author":[{"embeddable":true,"href":"https:\/\/www.saloanoticias.com\/v1\/wp-json\/wp\/v2\/users\/1"}],"replies":[{"embeddable":true,"href":"https:\/\/www.saloanoticias.com\/v1\/wp-json\/wp\/v2\/comments?post=3530"}],"version-history":[{"count":0,"href":"https:\/\/www.saloanoticias.com\/v1\/wp-json\/wp\/v2\/posts\/3530\/revisions"}],"wp:attachment":[{"href":"https:\/\/www.saloanoticias.com\/v1\/wp-json\/wp\/v2\/media?parent=3530"}],"wp:term":[{"taxonomy":"category","embeddable":true,"href":"https:\/\/www.saloanoticias.com\/v1\/wp-json\/wp\/v2\/categories?post=3530"},{"taxonomy":"post_tag","embeddable":true,"href":"https:\/\/www.saloanoticias.com\/v1\/wp-json\/wp\/v2\/tags?post=3530"}],"curies":[{"name":"wp","href":"https:\/\/api.w.org\/{rel}","templated":true}]}}