{"id":3529,"date":"2017-08-05T11:22:00","date_gmt":"2017-08-05T11:22:00","guid":{"rendered":"https:\/\/saloanoticias.mrmediaweb.com\/v1\/2017\/08\/05\/arquivamento-da-denuncia-foi-um-tapa-na-cara-da-sociedade-diz-danilo-cabral\/"},"modified":"2017-08-05T11:22:00","modified_gmt":"2017-08-05T11:22:00","slug":"arquivamento-da-denuncia-foi-um-tapa-na-cara-da-sociedade-diz-danilo-cabral","status":"publish","type":"post","link":"https:\/\/www.saloanoticias.com\/v1\/arquivamento-da-denuncia-foi-um-tapa-na-cara-da-sociedade-diz-danilo-cabral\/","title":{"rendered":"ARQUIVAMENTO DA DEN\u00daNCIA FOI UM TAPA NA CARA DA SOCIEDADE, DIZ DANILO"},"content":{"rendered":"<p align=\"justify\"><font size=\"3\" face=\"Arial\"><a href=\"http:\/\/www.saloanoticias.com\/images\/danilo-cab_60fe08bc7633e06eebb33184a6ab19fe.jpg\"><img loading=\"lazy\" decoding=\"async\" title=\"danilo-cab\" style=\"border-left-width: 0px; border-right-width: 0px; background-image: none; border-bottom-width: 0px; float: left; padding-top: 0px; padding-left: 0px; margin: 5px 5px 0px 0px; display: inline; padding-right: 0px; border-top-width: 0px\" border=\"0\" alt=\"danilo-cab\" src=\"http:\/\/www.saloanoticias.com\/v1\/wp-content\/uploads\/imagens\/danilo-cab_thumb_ad880cf4bc11093a902d5a934f649d82.jpg\" width=\"290\" align=\"left\" height=\"193\"><\/a>Para o deputado Danilo Cabral (PSB-PE), o arquivamento da den\u00fancia contra o presidente Michel Temer pela C\u00e2mara Federal mostra que a Casa est\u00e1 de costas para o povo. Segundo ele, o que o povo brasileiro deseja era simplesmente saber a verdade sobre os graves fatos denunciados pela Procuradoria-Geral da Rep\u00fablica. \u201cAo negar a abertura do processo contra o presidente, o Parlamento est\u00e1 dizendo que nem todos s\u00e3o iguais perante a lei, como preconiza a Constitui\u00e7\u00e3o Federal. Foi um tapa na cara da sociedade\u201d, opinou o parlamentar. <\/font> <\/p>\n<p align=\"justify\"><font size=\"3\" face=\"Arial\">Por outro lado, segundo Danilo Cabral, a decis\u00e3o pode despertar a sociedade do estado de imobilismo em que se encontra. &#8220;Faltou o calor das ruas e a press\u00e3o sobre os parlamentares, que se sentiram \u00e0 vontade para trocar seus votos por benesses e emendas. Novas den\u00fancias contra o presidente Temer chegar\u00e3o ao Congresso. A Reforma da Previd\u00eancia tamb\u00e9m voltar\u00e1 \u00e0 pauta. Se a sociedade n\u00e3o despertar, o Brasil n\u00e3o mudar\u00e1\u201d, avaliou o deputado.<\/font>  <\/p>\n<p align=\"justify\"><font size=\"3\" face=\"Arial\">Danilo Cabral foi o 478\u00ba parlamentar a votar na sess\u00e3o realizada nesta quarta-feira (2). Antes mesmo da vota\u00e7\u00e3o ser encerrada, os governistas garantiram o arquivamento da den\u00fancia contra o presidente Temer. Ao discursar, o deputado afirmou que seu voto foi em respeito ao povo de Pernambuco, que entende que ningu\u00e9m est\u00e1 acima da lei, que a Justi\u00e7a deve ser igual para todos, que os fatos denunciados s\u00e3o graves e devem ser investigados. \u201cVoto n\u00e3o em respeito ao povo pernambucano e \u00e0 decis\u00e3o do meu partido, o PSB\u201d, disse no Plen\u00e1rio. <\/font><\/p>\n<div style=\"margin-top: 0px; margin-bottom: 0px;\" class=\"sharethis-inline-share-buttons\" ><\/div>","protected":false},"excerpt":{"rendered":"<p>Para o deputado Danilo Cabral (PSB-PE), o arquivamento da den\u00fancia contra o presidente Michel Temer pela C\u00e2mara Federal mostra que a Casa est\u00e1 de costas para o povo. Segundo ele, o que o povo brasileiro deseja era simplesmente saber a verdade sobre os graves fatos denunciados pela Procuradoria-Geral da Rep\u00fablica. \u201cAo negar a abertura do [&hellip;]<\/p>\n","protected":false},"author":1,"featured_media":0,"comment_status":"open","ping_status":"open","sticky":false,"template":"","format":"standard","meta":{"footnotes":""},"categories":[2],"tags":[],"class_list":["post-3529","post","type-post","status-publish","format-standard","hentry","category-noticias-do-dia"],"_links":{"self":[{"href":"https:\/\/www.saloanoticias.com\/v1\/wp-json\/wp\/v2\/posts\/3529","targetHints":{"allow":["GET"]}}],"collection":[{"href":"https:\/\/www.saloanoticias.com\/v1\/wp-json\/wp\/v2\/posts"}],"about":[{"href":"https:\/\/www.saloanoticias.com\/v1\/wp-json\/wp\/v2\/types\/post"}],"author":[{"embeddable":true,"href":"https:\/\/www.saloanoticias.com\/v1\/wp-json\/wp\/v2\/users\/1"}],"replies":[{"embeddable":true,"href":"https:\/\/www.saloanoticias.com\/v1\/wp-json\/wp\/v2\/comments?post=3529"}],"version-history":[{"count":0,"href":"https:\/\/www.saloanoticias.com\/v1\/wp-json\/wp\/v2\/posts\/3529\/revisions"}],"wp:attachment":[{"href":"https:\/\/www.saloanoticias.com\/v1\/wp-json\/wp\/v2\/media?parent=3529"}],"wp:term":[{"taxonomy":"category","embeddable":true,"href":"https:\/\/www.saloanoticias.com\/v1\/wp-json\/wp\/v2\/categories?post=3529"},{"taxonomy":"post_tag","embeddable":true,"href":"https:\/\/www.saloanoticias.com\/v1\/wp-json\/wp\/v2\/tags?post=3529"}],"curies":[{"name":"wp","href":"https:\/\/api.w.org\/{rel}","templated":true}]}}