{"id":3528,"date":"2017-08-04T13:59:00","date_gmt":"2017-08-04T13:59:00","guid":{"rendered":"https:\/\/saloanoticias.mrmediaweb.com\/v1\/2017\/08\/04\/secretaria-de-trasporte-de-saloa-aproveita-dias-de-sol-para-recuperar-estradas\/"},"modified":"2017-08-04T13:59:00","modified_gmt":"2017-08-04T13:59:00","slug":"secretaria-de-trasporte-de-saloa-aproveita-dias-de-sol-para-recuperar-estradas","status":"publish","type":"post","link":"https:\/\/www.saloanoticias.com\/v1\/secretaria-de-trasporte-de-saloa-aproveita-dias-de-sol-para-recuperar-estradas\/","title":{"rendered":"SECRETARIA DE TRASPORTES DE SALO\u00c1\/PE APROVEITA DIAS DE SOL PARA RECUPERAR AS ESTRADAS DO MUNIC\u00cdPIO"},"content":{"rendered":"<p align=\"justify\"><font size=\"3\" face=\"Arial\"><a href=\"http:\/\/www.saloanoticias.com\/images\/img_20170803_083508034.jpg\"><img loading=\"lazy\" decoding=\"async\" title=\"IMG_20170803_083508034\" style=\"border-left-width: 0px; border-right-width: 0px; background-image: none; border-bottom-width: 0px; float: none; padding-top: 0px; padding-left: 0px; margin: 0px auto 10px; display: block; padding-right: 0px; border-top-width: 0px\" border=\"0\" alt=\"IMG_20170803_083508034\" src=\"http:\/\/www.saloanoticias.com\/v1\/wp-content\/uploads\/imagens\/img_20170803_083508034_thumb.jpg\" width=\"1505\" height=\"846\"><\/a>Devido as frequentes chuvas na regi\u00e3o as estradas est\u00e3o quase intransit\u00e1veis dificultando o acesso \u00e0 sede do munic\u00edpio. Aproveitando os dias de sol o Prefeito Ricardo Alves solicitou da secretaria de transportes agilidade na recupera\u00e7\u00e3o das estradas o que foi atendido imediatamente pelo secret\u00e1rio que colocou as m\u00e1quinas para realizar o mais r\u00e1pido poss\u00edvel este servi\u00e7o. Segundo o secret\u00e1rio de transporte, a determina\u00e7\u00e3o \u00e9 come\u00e7ar pelas principais vias de acesso ao munic\u00edpio.<\/font><\/p>\n<p align=\"justify\"><a href=\"http:\/\/www.saloanoticias.com\/images\/img_20170803_083204976.jpg\"><img loading=\"lazy\" decoding=\"async\" title=\"IMG_20170803_083204976\" style=\"border-left-width: 0px; border-right-width: 0px; background-image: none; border-bottom-width: 0px; float: none; padding-top: 0px; padding-left: 0px; margin-left: auto; display: block; padding-right: 0px; border-top-width: 0px; margin-right: auto\" border=\"0\" alt=\"IMG_20170803_083204976\" src=\"http:\/\/www.saloanoticias.com\/v1\/wp-content\/uploads\/imagens\/img_20170803_083204976_thumb.jpg\" width=\"1514\" height=\"852\"><\/a><\/p>\n<p align=\"justify\"><font size=\"3\" face=\"Arial\"><a href=\"http:\/\/www.saloanoticias.com\/images\/dsc_0973_3a247e36d6840b94a7eb82d7420b09ec.jpg\"><img loading=\"lazy\" decoding=\"async\" title=\"DSC_0973\" style=\"border-left-width: 0px; border-right-width: 0px; background-image: none; border-bottom-width: 0px; float: left; padding-top: 0px; padding-left: 0px; margin: 5px 5px 0px 0px; display: inline; padding-right: 0px; border-top-width: 0px\" border=\"0\" alt=\"DSC_0973\" src=\"http:\/\/www.saloanoticias.com\/v1\/wp-content\/uploads\/imagens\/dsc_0973_thumb_e632b3c6f5b09d44e65999e35a0bcb74.jpg\" width=\"168\" align=\"left\" height=\"173\"><\/a>Ainda segundo Marco Aur\u00e9lio (Maruim) os trabalhos seguir\u00e3o o seguinte cronograma: Estrada de Salo\u00e1 a Terezinha, PE 216 que liga Salo\u00e1 a Bom Conselho, estrada que liga Salo\u00e1 ao Distrito de Iatec\u00e1 e Serrinha da Prata. Alguns lugares ter\u00e3o que esperar mais um pouco por n\u00e3o oferecerem condi\u00e7\u00f5es de trafegabilidade, levando as m\u00e1quinas a atolar e podendo danificar as mesmas, ent\u00e3o, devemos esperar mais uns dias de sol para secar essas vicinais e facilitar o acesso das m\u00e1quinas oferecendo condi\u00e7\u00f5es de trabalho. Agora \u00e9 esperar as condi\u00e7\u00f5es clim\u00e1ticas para que o servi\u00e7o seja conclu\u00eddo normalizando o acesso ao munic\u00edpio e o tr\u00e1fego pela zona rural.<\/font><\/p>\n<div style=\"margin-top: 0px; margin-bottom: 0px;\" class=\"sharethis-inline-share-buttons\" ><\/div>","protected":false},"excerpt":{"rendered":"<p>Devido as frequentes chuvas na regi\u00e3o as estradas est\u00e3o quase intransit\u00e1veis dificultando o acesso \u00e0 sede do munic\u00edpio. Aproveitando os dias de sol o Prefeito Ricardo Alves solicitou da secretaria de transportes agilidade na recupera\u00e7\u00e3o das estradas o que foi atendido imediatamente pelo secret\u00e1rio que colocou as m\u00e1quinas para realizar o mais r\u00e1pido poss\u00edvel este [&hellip;]<\/p>\n","protected":false},"author":1,"featured_media":0,"comment_status":"open","ping_status":"open","sticky":false,"template":"","format":"standard","meta":{"footnotes":""},"categories":[2],"tags":[],"class_list":["post-3528","post","type-post","status-publish","format-standard","hentry","category-noticias-do-dia"],"_links":{"self":[{"href":"https:\/\/www.saloanoticias.com\/v1\/wp-json\/wp\/v2\/posts\/3528","targetHints":{"allow":["GET"]}}],"collection":[{"href":"https:\/\/www.saloanoticias.com\/v1\/wp-json\/wp\/v2\/posts"}],"about":[{"href":"https:\/\/www.saloanoticias.com\/v1\/wp-json\/wp\/v2\/types\/post"}],"author":[{"embeddable":true,"href":"https:\/\/www.saloanoticias.com\/v1\/wp-json\/wp\/v2\/users\/1"}],"replies":[{"embeddable":true,"href":"https:\/\/www.saloanoticias.com\/v1\/wp-json\/wp\/v2\/comments?post=3528"}],"version-history":[{"count":0,"href":"https:\/\/www.saloanoticias.com\/v1\/wp-json\/wp\/v2\/posts\/3528\/revisions"}],"wp:attachment":[{"href":"https:\/\/www.saloanoticias.com\/v1\/wp-json\/wp\/v2\/media?parent=3528"}],"wp:term":[{"taxonomy":"category","embeddable":true,"href":"https:\/\/www.saloanoticias.com\/v1\/wp-json\/wp\/v2\/categories?post=3528"},{"taxonomy":"post_tag","embeddable":true,"href":"https:\/\/www.saloanoticias.com\/v1\/wp-json\/wp\/v2\/tags?post=3528"}],"curies":[{"name":"wp","href":"https:\/\/api.w.org\/{rel}","templated":true}]}}