{"id":3526,"date":"2017-08-03T14:56:00","date_gmt":"2017-08-03T14:56:00","guid":{"rendered":"https:\/\/saloanoticias.mrmediaweb.com\/v1\/2017\/08\/03\/daqui-a-pouco-ricardo-alves-concede-entrevista-ao-programa-falando-com-o-agreste\/"},"modified":"2017-08-03T14:56:00","modified_gmt":"2017-08-03T14:56:00","slug":"daqui-a-pouco-ricardo-alves-concede-entrevista-ao-programa-falando-com-o-agreste","status":"publish","type":"post","link":"https:\/\/www.saloanoticias.com\/v1\/daqui-a-pouco-ricardo-alves-concede-entrevista-ao-programa-falando-com-o-agreste\/","title":{"rendered":"DAQUI A POUCO RICARDO ALVES CONCEDE ENTREVISTA AO PROGRAMA FALANDO COM O AGRESTE DA R\u00c1DIO MARANO FM"},"content":{"rendered":"<p align=\"justify\"><font size=\"3\" face=\"Arial\"><a href=\"http:\/\/www.saloanoticias.com\/images\/ricardo-alves_21eb736629586c75639444cff6d6d440.jpg\"><img loading=\"lazy\" decoding=\"async\" title=\"Ricardo Alves\" style=\"border-top: 0px; border-right: 0px; background-image: none; border-bottom: 0px; float: left; padding-top: 0px; padding-left: 0px; margin: 5px 5px 0px 0px; border-left: 0px; display: inline; padding-right: 0px\" border=\"0\" alt=\"Ricardo Alves\" src=\"http:\/\/www.saloanoticias.com\/v1\/wp-content\/uploads\/imagens\/ricardo-alves_thumb_af5ed20b9018be91d6a4e7e43223f354.jpg\" width=\"225\" align=\"left\" height=\"216\"><\/a>Daqui a poucos instantes o prefeito de Salo\u00e1\/PE, Ricardo Alves (PMDB), estar\u00e1 concedendo uma entrevista ao jornalista Marcelo Jorge no programa Falando com o Agreste da R\u00e1dio Marano FM de Garanhuns\/PE. Ele falar\u00e1 de seu governo e das a\u00e7\u00f5es e parcerias com o governo do Estado de Pernambuco. Estar\u00e1 na pauta tamb\u00e9m as informa\u00e7\u00f5es sobre a constru\u00e7\u00e3o de novas casas populares no munic\u00edpio. Voc\u00ea escuta a entrevista na \u00edntegra aqui na p\u00e1gina do Blog Salo\u00e1 Not\u00edcias a partir do meio dia ou atrav\u00e9s da frequ\u00eancia FM 102,3.<\/font><\/p>\n<div style=\"margin-top: 0px; margin-bottom: 0px;\" class=\"sharethis-inline-share-buttons\" ><\/div>","protected":false},"excerpt":{"rendered":"<p>Daqui a poucos instantes o prefeito de Salo\u00e1\/PE, Ricardo Alves (PMDB), estar\u00e1 concedendo uma entrevista ao jornalista Marcelo Jorge no programa Falando com o Agreste da R\u00e1dio Marano FM de Garanhuns\/PE. Ele falar\u00e1 de seu governo e das a\u00e7\u00f5es e parcerias com o governo do Estado de Pernambuco. Estar\u00e1 na pauta tamb\u00e9m as informa\u00e7\u00f5es sobre [&hellip;]<\/p>\n","protected":false},"author":1,"featured_media":0,"comment_status":"open","ping_status":"open","sticky":false,"template":"","format":"standard","meta":{"footnotes":""},"categories":[2],"tags":[],"class_list":["post-3526","post","type-post","status-publish","format-standard","hentry","category-noticias-do-dia"],"_links":{"self":[{"href":"https:\/\/www.saloanoticias.com\/v1\/wp-json\/wp\/v2\/posts\/3526","targetHints":{"allow":["GET"]}}],"collection":[{"href":"https:\/\/www.saloanoticias.com\/v1\/wp-json\/wp\/v2\/posts"}],"about":[{"href":"https:\/\/www.saloanoticias.com\/v1\/wp-json\/wp\/v2\/types\/post"}],"author":[{"embeddable":true,"href":"https:\/\/www.saloanoticias.com\/v1\/wp-json\/wp\/v2\/users\/1"}],"replies":[{"embeddable":true,"href":"https:\/\/www.saloanoticias.com\/v1\/wp-json\/wp\/v2\/comments?post=3526"}],"version-history":[{"count":0,"href":"https:\/\/www.saloanoticias.com\/v1\/wp-json\/wp\/v2\/posts\/3526\/revisions"}],"wp:attachment":[{"href":"https:\/\/www.saloanoticias.com\/v1\/wp-json\/wp\/v2\/media?parent=3526"}],"wp:term":[{"taxonomy":"category","embeddable":true,"href":"https:\/\/www.saloanoticias.com\/v1\/wp-json\/wp\/v2\/categories?post=3526"},{"taxonomy":"post_tag","embeddable":true,"href":"https:\/\/www.saloanoticias.com\/v1\/wp-json\/wp\/v2\/tags?post=3526"}],"curies":[{"name":"wp","href":"https:\/\/api.w.org\/{rel}","templated":true}]}}