{"id":3525,"date":"2017-08-03T11:02:00","date_gmt":"2017-08-03T11:02:00","guid":{"rendered":"https:\/\/saloanoticias.mrmediaweb.com\/v1\/2017\/08\/03\/ataide-faleceu-em-garanhuns\/"},"modified":"2017-08-03T11:02:00","modified_gmt":"2017-08-03T11:02:00","slug":"ataide-faleceu-em-garanhuns","status":"publish","type":"post","link":"https:\/\/www.saloanoticias.com\/v1\/ataide-faleceu-em-garanhuns\/","title":{"rendered":"NOTA: SR. ATA\u00cdDE FALECE EM GARANHUNS"},"content":{"rendered":"<p align=\"justify\"><font size=\"3\" face=\"Arial\"><a href=\"http:\/\/www.saloanoticias.com\/images\/thumbnail_img_20170728_101820027_efb9fd60329f34893450e5ce61cf62a7.jpg\"><img loading=\"lazy\" decoding=\"async\" title=\"thumbnail_IMG_20170728_101820027\" style=\"border-left-width: 0px; border-right-width: 0px; background-image: none; border-bottom-width: 0px; float: left; padding-top: 0px; padding-left: 0px; margin: 5px 5px 0px 0px; display: inline; padding-right: 0px; border-top-width: 0px\" border=\"0\" alt=\"thumbnail_IMG_20170728_101820027\" src=\"http:\/\/www.saloanoticias.com\/v1\/wp-content\/uploads\/imagens\/thumbnail_img_20170728_101820027_thumb_d75f6758be11b6de0c78e43cd12f42f3.jpg\" width=\"302\" align=\"left\" height=\"234\"><\/a>Faleceu no come\u00e7o da noite de ontem, quarta-feira (2), no Hospital Dom Moura de Garanhuns, o popular Ata\u00edde, pessoa bastante conhecida na cidade de Salo\u00e1\/PE. Pelas informa\u00e7\u00f5es chegadas a reda\u00e7\u00e3o do nosso Blog ele estava passando por graves problemas de sa\u00fade. H\u00e1 alguns anos atr\u00e1s por conta destes problemas, ele tinha amputado suas duas pernas e passou a ser cadeirante. <\/font><font face=\"Arial\"><font size=\"3\">Ainda pelas informa\u00e7\u00f5es, o corpo de Ata\u00edde est\u00e1 sendo velado em sua resid\u00eancia no Bairro Jos\u00e9 Alves Bezerra, a Cohab Nova, de onde sair\u00e1 para o sepultamento no cemit\u00e9rio Santa Quit\u00e9ria no centro de Salo\u00e1 \u00e0s 4h da tarde. A morte dele foi mais uma surpresa para os saloaenses. Ele era casado com F\u00e1tima cozinheira e deixa filhos.<\/font><\/font><\/p>\n<div style=\"margin-top: 0px; margin-bottom: 0px;\" class=\"sharethis-inline-share-buttons\" ><\/div>","protected":false},"excerpt":{"rendered":"<p>Faleceu no come\u00e7o da noite de ontem, quarta-feira (2), no Hospital Dom Moura de Garanhuns, o popular Ata\u00edde, pessoa bastante conhecida na cidade de Salo\u00e1\/PE. Pelas informa\u00e7\u00f5es chegadas a reda\u00e7\u00e3o do nosso Blog ele estava passando por graves problemas de sa\u00fade. H\u00e1 alguns anos atr\u00e1s por conta destes problemas, ele tinha amputado suas duas pernas [&hellip;]<\/p>\n","protected":false},"author":1,"featured_media":0,"comment_status":"open","ping_status":"open","sticky":false,"template":"","format":"standard","meta":{"footnotes":""},"categories":[2],"tags":[],"class_list":["post-3525","post","type-post","status-publish","format-standard","hentry","category-noticias-do-dia"],"_links":{"self":[{"href":"https:\/\/www.saloanoticias.com\/v1\/wp-json\/wp\/v2\/posts\/3525","targetHints":{"allow":["GET"]}}],"collection":[{"href":"https:\/\/www.saloanoticias.com\/v1\/wp-json\/wp\/v2\/posts"}],"about":[{"href":"https:\/\/www.saloanoticias.com\/v1\/wp-json\/wp\/v2\/types\/post"}],"author":[{"embeddable":true,"href":"https:\/\/www.saloanoticias.com\/v1\/wp-json\/wp\/v2\/users\/1"}],"replies":[{"embeddable":true,"href":"https:\/\/www.saloanoticias.com\/v1\/wp-json\/wp\/v2\/comments?post=3525"}],"version-history":[{"count":0,"href":"https:\/\/www.saloanoticias.com\/v1\/wp-json\/wp\/v2\/posts\/3525\/revisions"}],"wp:attachment":[{"href":"https:\/\/www.saloanoticias.com\/v1\/wp-json\/wp\/v2\/media?parent=3525"}],"wp:term":[{"taxonomy":"category","embeddable":true,"href":"https:\/\/www.saloanoticias.com\/v1\/wp-json\/wp\/v2\/categories?post=3525"},{"taxonomy":"post_tag","embeddable":true,"href":"https:\/\/www.saloanoticias.com\/v1\/wp-json\/wp\/v2\/tags?post=3525"}],"curies":[{"name":"wp","href":"https:\/\/api.w.org\/{rel}","templated":true}]}}