{"id":3524,"date":"2017-08-02T23:42:00","date_gmt":"2017-08-02T23:42:00","guid":{"rendered":"https:\/\/saloanoticias.mrmediaweb.com\/v1\/2017\/08\/02\/michel-temer-se-livra-e-denuncia-do-procurador-geral-da-republica-e-arquivada\/"},"modified":"2017-08-02T23:42:00","modified_gmt":"2017-08-02T23:42:00","slug":"michel-temer-se-livra-e-denuncia-do-procurador-geral-da-republica-e-arquivada","status":"publish","type":"post","link":"https:\/\/www.saloanoticias.com\/v1\/michel-temer-se-livra-e-denuncia-do-procurador-geral-da-republica-e-arquivada\/","title":{"rendered":"MICHEL TEMER SE LIVRA DA DEN\u00daNCIA DO PROCURADOR GERAL DA REP\u00daBLICA"},"content":{"rendered":"<p align=\"justify\"><font size=\"3\" face=\"Arial\"><a href=\"http:\/\/www.saloanoticias.com\/images\/thumbnail_img_20170728_101820027_42669ea3c1aebc418991700bbdf07e87.jpg\"><img loading=\"lazy\" decoding=\"async\" title=\"thumbnail_IMG_20170728_101820027\" style=\"border-top: 0px; border-right: 0px; background-image: none; border-bottom: 0px; float: left; padding-top: 0px; padding-left: 0px; margin: 5px 5px 0px 0px; border-left: 0px; display: inline; padding-right: 0px\" border=\"0\" alt=\"thumbnail_IMG_20170728_101820027\" src=\"http:\/\/www.saloanoticias.com\/v1\/wp-content\/uploads\/imagens\/thumbnail_img_20170728_101820027_thumb_113378eb82cdc8d897624ee4784f836e.jpg\" width=\"324\" align=\"left\" height=\"218\"><\/a>Mesmo antes do fim da vota\u00e7\u00e3o no plen\u00e1rio da C\u00e2mara dos Deputados, na noite desta quarta-feira (2\/8), o governo conseguiu os 172 votos necess\u00e1rios para barrar o prosseguimento da den\u00fancia contra o presidente Michel Temer por corrup\u00e7\u00e3o passiva, no Supremo Tribunal Federal. <\/font><font size=\"3\" face=\"Arial\">No Plen\u00e1rio, os parlamentares analisaram o relat\u00f3rio apresentado pelo deputado Paulo Abi-Ackel (PSDB-MG) na Comiss\u00e3o de Constitui\u00e7\u00e3o e Justi\u00e7a (CCJ) da Casa, que recomendou a rejei\u00e7\u00e3o da den\u00fancia contra Temer.<\/font> <\/p>\n<p align=\"justify\"><font size=\"3\" face=\"Arial\">A sess\u00e3o come\u00e7ou \u00e0s 9h desta manh\u00e3. Por volta das 15h30, o placar registrava a presen\u00e7a de 342 deputados no plen\u00e1rio &#8211; qu\u00f3rum m\u00ednimo para que ocorresse a vota\u00e7\u00e3o &#8211; e 463 deputados na Casa. Os parlamentares discursaram a favor e contra a den\u00fancia. <\/font><font size=\"3\" face=\"Arial\">No fim da tarde, o plen\u00e1rio foi marcado por empurra-empurra e confus\u00e3o durante o discurso do l\u00edder da minoria, deputado Z\u00e9 Guimar\u00e3es (PT-CE). O tumulto come\u00e7ou ap\u00f3s dois parlamentares jogarem camisetas um no outro e logo tornou-se geral. Outros deputados jogaram d\u00f3lares falsos para o alto e come\u00e7aram a gritar.<\/font> <\/p>\n<p align=\"justify\"><font size=\"3\" face=\"Arial\">Malas de dinheiro tamb\u00e9m foram levantadas e o famoso boneco Pixuleco, na forma do ex-presidente Lula com uniforme carcer\u00e1rio, foram trazidos. Um deles estava na m\u00e3o do presidente do PT, Carlos Zarattini (PT-SP). <\/font><font size=\"3\" face=\"Arial\">O presidente passou a ser investigado ap\u00f3s as dela\u00e7\u00f5es premiadas da JBS. O empres\u00e1rio e um dos donos do grupo JBS, gravou, sem o conhecimento de Temer, uma conversa com ele no pal\u00e1cio do Jaburu, em 7 de mar\u00e7o. <\/font><font size=\"3\" face=\"Arial\">Mais cedo, o advogado de Temer, Ant\u00f4nio Mariz de Oliveira, pediu aos deputados que n\u00e3o acatassem o pedido para remeter a den\u00fancia.<\/font> <\/p>\n<p align=\"justify\"><font size=\"3\" face=\"Arial\">\u201cDeem um ano e meio para Temer seguir sua \u2018obra magn\u00edfica\u2019\u201d, afirmou da tribuna, ao fazer a defesa do presidente e afirmar ter certeza de que a den\u00fancia n\u00e3o ser\u00e1 acatada. <\/font><font size=\"3\" face=\"Arial\">O advogado criticou a dela\u00e7\u00e3o de Joesley Batista e destacou que a grava\u00e7\u00e3o da conversa do empres\u00e1rio com o presidente teve \u201cdeturpa\u00e7\u00e3o, enxertos e uma s\u00e9rie de v\u00e1cuos\u201d, por isso questionou a sua legitimidade como prova. <\/font><strong><font size=\"3\" face=\"Arial\">Repercuss\u00e3o: <\/font><\/strong><font size=\"3\" face=\"Arial\">A vota\u00e7\u00e3o de hoje repercutiu entre os internautas do pa\u00eds.<\/font> <\/p>\n<p align=\"justify\"><font size=\"3\" face=\"Arial\">A #InvestiguemoTemer \u00e9 o segundo assunto mais comentado no mundo e no Brasil pelo Twitter. Mas, apesar disso, a&nbsp; mudan\u00e7a de time do jogador de futebol Neymar est\u00e1 causando mais como\u00e7\u00f5es nos usu\u00e1rios da rede. Nas \u00faltimas 24 horas, o assunto foi o segundo mais procurado nas buscas do google. <strong><font size=\"2\">Fonte: Di\u00e1rio de Pernabuco<\/font><\/strong><\/font><\/p>\n<div style=\"margin-top: 0px; margin-bottom: 0px;\" class=\"sharethis-inline-share-buttons\" ><\/div>","protected":false},"excerpt":{"rendered":"<p>Mesmo antes do fim da vota\u00e7\u00e3o no plen\u00e1rio da C\u00e2mara dos Deputados, na noite desta quarta-feira (2\/8), o governo conseguiu os 172 votos necess\u00e1rios para barrar o prosseguimento da den\u00fancia contra o presidente Michel Temer por corrup\u00e7\u00e3o passiva, no Supremo Tribunal Federal. No Plen\u00e1rio, os parlamentares analisaram o relat\u00f3rio apresentado pelo deputado Paulo Abi-Ackel (PSDB-MG) [&hellip;]<\/p>\n","protected":false},"author":1,"featured_media":0,"comment_status":"open","ping_status":"open","sticky":false,"template":"","format":"standard","meta":{"footnotes":""},"categories":[2],"tags":[],"class_list":["post-3524","post","type-post","status-publish","format-standard","hentry","category-noticias-do-dia"],"_links":{"self":[{"href":"https:\/\/www.saloanoticias.com\/v1\/wp-json\/wp\/v2\/posts\/3524","targetHints":{"allow":["GET"]}}],"collection":[{"href":"https:\/\/www.saloanoticias.com\/v1\/wp-json\/wp\/v2\/posts"}],"about":[{"href":"https:\/\/www.saloanoticias.com\/v1\/wp-json\/wp\/v2\/types\/post"}],"author":[{"embeddable":true,"href":"https:\/\/www.saloanoticias.com\/v1\/wp-json\/wp\/v2\/users\/1"}],"replies":[{"embeddable":true,"href":"https:\/\/www.saloanoticias.com\/v1\/wp-json\/wp\/v2\/comments?post=3524"}],"version-history":[{"count":0,"href":"https:\/\/www.saloanoticias.com\/v1\/wp-json\/wp\/v2\/posts\/3524\/revisions"}],"wp:attachment":[{"href":"https:\/\/www.saloanoticias.com\/v1\/wp-json\/wp\/v2\/media?parent=3524"}],"wp:term":[{"taxonomy":"category","embeddable":true,"href":"https:\/\/www.saloanoticias.com\/v1\/wp-json\/wp\/v2\/categories?post=3524"},{"taxonomy":"post_tag","embeddable":true,"href":"https:\/\/www.saloanoticias.com\/v1\/wp-json\/wp\/v2\/tags?post=3524"}],"curies":[{"name":"wp","href":"https:\/\/api.w.org\/{rel}","templated":true}]}}