{"id":3523,"date":"2017-08-02T02:21:00","date_gmt":"2017-08-02T02:21:00","guid":{"rendered":"https:\/\/saloanoticias.mrmediaweb.com\/v1\/2017\/08\/02\/danilo-cabral-pede-que-sentimento-da-sociedade-seja-respeitado\/"},"modified":"2017-08-02T02:21:00","modified_gmt":"2017-08-02T02:21:00","slug":"danilo-cabral-pede-que-sentimento-da-sociedade-seja-respeitado","status":"publish","type":"post","link":"https:\/\/www.saloanoticias.com\/v1\/danilo-cabral-pede-que-sentimento-da-sociedade-seja-respeitado\/","title":{"rendered":"DANILO CABRAL PEDE QUE SENTIMENTO DA SOCIEDADE SEJA RESPEITADO"},"content":{"rendered":"<p align=\"justify\"><font size=\"3\" face=\"Arial\"><a href=\"http:\/\/www.saloanoticias.com\/images\/danilo_4e1c484e89cd8e93cda597dda0593c07.jpg\"><img loading=\"lazy\" decoding=\"async\" title=\"danilo\" style=\"border-top: 0px; border-right: 0px; background-image: none; border-bottom: 0px; float: left; padding-top: 0px; padding-left: 0px; margin: 5px 5px 0px 0px; border-left: 0px; display: inline; padding-right: 0px\" border=\"0\" alt=\"danilo\" src=\"http:\/\/www.saloanoticias.com\/v1\/wp-content\/uploads\/imagens\/danilo_thumb_9c6abc412137495cee093bd1f77017da.jpg\" width=\"288\" align=\"left\" height=\"192\"><\/a>Diante da expectativa da an\u00e1lise da den\u00fancia contra o presidente Michel Temer pela C\u00e2mara Federal, deputado Danilo Cabral (PSB) afirma esperar que o sentimento da sociedade se reflita na conduta dos parlamentares. \u201cDeputado que votar com Temer sabe que estar\u00e1 votando contra o desejo do povo. Daqui a um ano, ser\u00e1 a vez do povo votar e, certamente, ele n\u00e3o reeleger\u00e1 quem traiu sua confian\u00e7a\u201d, declarou. Ele lembra que, em pesquisa divulgada nesta semana, 81% dos brasileiros aprovam a abertura de processo para investigar o presidente.<\/font> <\/p>\n<p align=\"justify\"><font size=\"3\" face=\"Arial\">Danilo Cabral embarcou para Bras\u00edlia na manh\u00e3 de hoje (1\u00ba), data da reabertura dos trabalhos do Congresso Nacional. Na pauta desta ter\u00e7a-feira, est\u00e3o a vota\u00e7\u00e3o de tr\u00eas medidas provis\u00f3rias que trancam a pauta, al\u00e9m disso \u00e9 esperada a leitura o parecer da Comiss\u00e3o de Constitui\u00e7\u00e3o e Justi\u00e7a (CCJ) que recomenda o indeferimento da solicita\u00e7\u00e3o do Supremo Tribunal Federal (STF) para processar o presidente Michel Temer por crime de corrup\u00e7\u00e3o passiva.<\/font> <\/p>\n<p align=\"justify\"><font size=\"3\" face=\"Arial\">A an\u00e1lise da admissibilidade contra o presidente Temer est\u00e1 marcada para quarta-feira (2). \u00c9 necess\u00e1ria a presen\u00e7a de pelo menos 342 dos 513 parlamentares para que a vota\u00e7\u00e3o seja aberta. Ela ser\u00e1 nominal, com chamada dos deputados ao microfone, no mesmo formato da vota\u00e7\u00e3o do impeachment da ex-presidente Dilma Rousseff. <\/font><font size=\"2\" face=\"Arial\"><strong>Foto: Chico Ferreira<\/strong><\/font><\/p>\n<div style=\"margin-top: 0px; margin-bottom: 0px;\" class=\"sharethis-inline-share-buttons\" ><\/div>","protected":false},"excerpt":{"rendered":"<p>Diante da expectativa da an\u00e1lise da den\u00fancia contra o presidente Michel Temer pela C\u00e2mara Federal, deputado Danilo Cabral (PSB) afirma esperar que o sentimento da sociedade se reflita na conduta dos parlamentares. \u201cDeputado que votar com Temer sabe que estar\u00e1 votando contra o desejo do povo. Daqui a um ano, ser\u00e1 a vez do povo [&hellip;]<\/p>\n","protected":false},"author":1,"featured_media":0,"comment_status":"open","ping_status":"open","sticky":false,"template":"","format":"standard","meta":{"footnotes":""},"categories":[2],"tags":[],"class_list":["post-3523","post","type-post","status-publish","format-standard","hentry","category-noticias-do-dia"],"_links":{"self":[{"href":"https:\/\/www.saloanoticias.com\/v1\/wp-json\/wp\/v2\/posts\/3523","targetHints":{"allow":["GET"]}}],"collection":[{"href":"https:\/\/www.saloanoticias.com\/v1\/wp-json\/wp\/v2\/posts"}],"about":[{"href":"https:\/\/www.saloanoticias.com\/v1\/wp-json\/wp\/v2\/types\/post"}],"author":[{"embeddable":true,"href":"https:\/\/www.saloanoticias.com\/v1\/wp-json\/wp\/v2\/users\/1"}],"replies":[{"embeddable":true,"href":"https:\/\/www.saloanoticias.com\/v1\/wp-json\/wp\/v2\/comments?post=3523"}],"version-history":[{"count":0,"href":"https:\/\/www.saloanoticias.com\/v1\/wp-json\/wp\/v2\/posts\/3523\/revisions"}],"wp:attachment":[{"href":"https:\/\/www.saloanoticias.com\/v1\/wp-json\/wp\/v2\/media?parent=3523"}],"wp:term":[{"taxonomy":"category","embeddable":true,"href":"https:\/\/www.saloanoticias.com\/v1\/wp-json\/wp\/v2\/categories?post=3523"},{"taxonomy":"post_tag","embeddable":true,"href":"https:\/\/www.saloanoticias.com\/v1\/wp-json\/wp\/v2\/tags?post=3523"}],"curies":[{"name":"wp","href":"https:\/\/api.w.org\/{rel}","templated":true}]}}