{"id":3522,"date":"2017-08-02T14:00:00","date_gmt":"2017-08-02T14:00:00","guid":{"rendered":"https:\/\/saloanoticias.mrmediaweb.com\/v1\/2017\/08\/02\/inss-convoca-segurados-por-incapacidade-reavaliacao-do-beneficio\/"},"modified":"2017-08-02T14:00:00","modified_gmt":"2017-08-02T14:00:00","slug":"inss-convoca-segurados-por-incapacidade-reavaliacao-do-beneficio","status":"publish","type":"post","link":"https:\/\/www.saloanoticias.com\/v1\/inss-convoca-segurados-por-incapacidade-reavaliacao-do-beneficio\/","title":{"rendered":"INSS EST\u00c1 CONVOCANDO SEGURADOS POR INCAPACIDADE PARA REVER BENEF\u00cdCIOS"},"content":{"rendered":"<p align=\"justify\"><font size=\"3\" face=\"Arial\"><a href=\"http:\/\/www.saloanoticias.com\/images\/thumbnail_img_20170728_101820027_6848999714fc039aaabed636b54d2a41.jpg\"><img loading=\"lazy\" decoding=\"async\" title=\"thumbnail_IMG_20170728_101820027\" style=\"border-left-width: 0px; border-right-width: 0px; background-image: none; border-bottom-width: 0px; float: none; padding-top: 0px; padding-left: 0px; margin: 0px auto 10px; display: block; padding-right: 0px; border-top-width: 0px\" border=\"0\" alt=\"thumbnail_IMG_20170728_101820027\" src=\"http:\/\/www.saloanoticias.com\/v1\/wp-content\/uploads\/imagens\/thumbnail_img_20170728_101820027_thumb_1e4411450c0e269bfd9711dd30581620.jpg\" width=\"1521\" height=\"913\"><\/a>O Instituto Nacional do Seguro Social (INSS) convoca para per\u00edcia, pela segunda vez, milhares de segurados que recebem o benef\u00edcio por incapacidade. De acordo com o <em>Di\u00e1rio Oficial da Uni\u00e3o<\/em>&nbsp; de hoje (1\u00ba)&nbsp; a nova chamada ocorre ap\u00f3s uma tentativa do \u00f3rg\u00e3o de notificar os beneficiados pelo correio. As correspond\u00eancias n\u00e3o teriam chegado porque os dados do endere\u00e7os indicados no cadastro do Sistema \u00danico de Benef\u00edcios estariam incompletos ou desatualizados. <\/font><font size=\"3\" face=\"Arial\">Os segurados listados t\u00eam cinco dias corridos, a contar de hoje, para se informar sobre a data marcada para a per\u00edcia.<\/font>  <\/p>\n<p align=\"justify\"><font size=\"3\" face=\"Arial\">O contato deve ser feito pela central de teleatendimento do INSS, pelo n\u00famero 135. O benef\u00edcio pode ser suspenso at\u00e9 que o convocado passe pela reavalia\u00e7\u00e3o. <\/font><font size=\"3\" face=\"Arial\">Para evitar o cancelamento, os segurados poder\u00e3o consultar a pagina do DOU, para conferir se seu nome consta na lista. No campo de busca do <em>site<\/em>, dever\u00e3o digitar seu nome entre aspas, selecionando apenas a se\u00e7\u00e3o 3 e a data de hoje, tanto para data inicial quanto para data final da pesquisa. Para facilitar o filtro de busca, devem marcar \u201cexata\u201d como tipo de pesquisa.<\/font><\/p>\n<div style=\"margin-top: 0px; margin-bottom: 0px;\" class=\"sharethis-inline-share-buttons\" ><\/div>","protected":false},"excerpt":{"rendered":"<p>O Instituto Nacional do Seguro Social (INSS) convoca para per\u00edcia, pela segunda vez, milhares de segurados que recebem o benef\u00edcio por incapacidade. De acordo com o Di\u00e1rio Oficial da Uni\u00e3o&nbsp; de hoje (1\u00ba)&nbsp; a nova chamada ocorre ap\u00f3s uma tentativa do \u00f3rg\u00e3o de notificar os beneficiados pelo correio. As correspond\u00eancias n\u00e3o teriam chegado porque os [&hellip;]<\/p>\n","protected":false},"author":1,"featured_media":0,"comment_status":"open","ping_status":"open","sticky":false,"template":"","format":"standard","meta":{"footnotes":""},"categories":[2],"tags":[],"class_list":["post-3522","post","type-post","status-publish","format-standard","hentry","category-noticias-do-dia"],"_links":{"self":[{"href":"https:\/\/www.saloanoticias.com\/v1\/wp-json\/wp\/v2\/posts\/3522","targetHints":{"allow":["GET"]}}],"collection":[{"href":"https:\/\/www.saloanoticias.com\/v1\/wp-json\/wp\/v2\/posts"}],"about":[{"href":"https:\/\/www.saloanoticias.com\/v1\/wp-json\/wp\/v2\/types\/post"}],"author":[{"embeddable":true,"href":"https:\/\/www.saloanoticias.com\/v1\/wp-json\/wp\/v2\/users\/1"}],"replies":[{"embeddable":true,"href":"https:\/\/www.saloanoticias.com\/v1\/wp-json\/wp\/v2\/comments?post=3522"}],"version-history":[{"count":0,"href":"https:\/\/www.saloanoticias.com\/v1\/wp-json\/wp\/v2\/posts\/3522\/revisions"}],"wp:attachment":[{"href":"https:\/\/www.saloanoticias.com\/v1\/wp-json\/wp\/v2\/media?parent=3522"}],"wp:term":[{"taxonomy":"category","embeddable":true,"href":"https:\/\/www.saloanoticias.com\/v1\/wp-json\/wp\/v2\/categories?post=3522"},{"taxonomy":"post_tag","embeddable":true,"href":"https:\/\/www.saloanoticias.com\/v1\/wp-json\/wp\/v2\/tags?post=3522"}],"curies":[{"name":"wp","href":"https:\/\/api.w.org\/{rel}","templated":true}]}}