{"id":3521,"date":"2017-08-01T17:12:00","date_gmt":"2017-08-01T17:12:00","guid":{"rendered":"https:\/\/saloanoticias.mrmediaweb.com\/v1\/2017\/08\/01\/saloa-realiza-a-xii-conferencia-de-assistencia-social\/"},"modified":"2017-08-01T17:12:00","modified_gmt":"2017-08-01T17:12:00","slug":"saloa-realiza-a-xii-conferencia-de-assistencia-social","status":"publish","type":"post","link":"https:\/\/www.saloanoticias.com\/v1\/saloa-realiza-a-xii-conferencia-de-assistencia-social\/","title":{"rendered":"SALO\u00c1\/PE REALIZA A VII CONFER\u00caNCIA DE ASSIST\u00caNCIA SOCIAL"},"content":{"rendered":"<p align=\"justify\"><font size=\"3\" face=\"Arial\"><a href=\"http:\/\/www.saloanoticias.com\/images\/vencedores-por-cristo-salo_b80129562a3f83932196e33100015c81.jpg\"><img loading=\"lazy\" decoding=\"async\" title=\"vencedores-por-cristo-salo\" style=\"border-top: 0px; border-right: 0px; background-image: none; border-bottom: 0px; float: none; padding-top: 0px; padding-left: 0px; margin: 0px auto 10px; border-left: 0px; display: block; padding-right: 0px\" border=\"0\" alt=\"vencedores-por-cristo-salo\" src=\"http:\/\/www.saloanoticias.com\/v1\/wp-content\/uploads\/imagens\/vencedores-por-cristo-salo_thumb_f4ce6bd2d74df8ba63b28913f57e72ca.jpg\" width=\"1505\" height=\"847\"><\/a>A VII Confer\u00eancia de Assist\u00eancia Municipal foi realizada na \u00faltima sexta-feira dia (28). Com o tema: \u201cGarantia de Direitos e Fortalecimento do Sistema \u00danico de Assist\u00eancia Social\u201d, o evento aconteceu nas depend\u00eancias do CCI e contou com representantes de entidades como: profissionais da \u00e1rea e usu\u00e1rios da Assist\u00eancia Social. <\/font><font size=\"3\" face=\"Arial\">A Confer\u00eancia busca reafirmar o papel da Assist\u00eancia como pol\u00edtica garantidora de direitos e da necessidade de oferecer visibilidade a esta contribui\u00e7\u00e3o para a sociedade brasileira. O tema da confer\u00eancia tr\u00e1s todos os usu\u00e1rios do sistema para o centro do debate fortalecendo e estruturando a \u00e1rea.<\/font><\/p>\n<p align=\"justify\"><a href=\"http:\/\/www.saloanoticias.com\/images\/thumbnail_img_20170728_101820027.jpg\"><img loading=\"lazy\" decoding=\"async\" title=\"thumbnail_IMG_20170728_101820027\" style=\"border-top: 0px; border-right: 0px; background-image: none; border-bottom: 0px; float: none; padding-top: 0px; padding-left: 0px; margin-left: auto; border-left: 0px; display: block; padding-right: 0px; margin-right: auto\" border=\"0\" alt=\"thumbnail_IMG_20170728_101820027\" src=\"http:\/\/www.saloanoticias.com\/v1\/wp-content\/uploads\/imagens\/thumbnail_img_20170728_101820027_thumb.jpg\" width=\"1510\" height=\"743\"><\/a><\/p>\n<p align=\"justify\"><font size=\"3\" face=\"Arial\">Neste sentido, a 11\u00aa Confer\u00eancia Nacional dar\u00e1 continuidade a perspectiva adotada pelo II Plano Decenal de Assist\u00eancia Social de eleger os usu\u00e1rios, trazendo sua realidade de vida, direitos e demandas de acesso como centro do debate e do planejamento da pol\u00edtica de Assist\u00eancia Social. A assistente social Fl\u00e1via Pessoa proferiu a palestra sobre a garantia de direitos no fortalecimento do Sistema \u00danico de Assist\u00eancia Social.<\/font> <\/p>\n<p align=\"justify\"><font size=\"3\" face=\"Arial\">Ap\u00f3s a palestra os presentes iniciaram os debates no processo conferencial, foram organizados em quatro eixos, sendo eles: A prote\u00e7\u00e3o n\u00e3o-contributiva e o principio da equidade como paradigma para a gest\u00e3o dos direitos socioassistenciais; Gest\u00e3o democr\u00e1tica e controle social, o lugar da sociedade civil no SUAS; Acesso as seguran\u00e7as socioassistenciais e a articula\u00e7\u00e3o entre servi\u00e7os, benef\u00edcios e transfer\u00eancia de renda como garantia de direitos socioassistenciais; A legisla\u00e7\u00e3o como instrumento para uma gest\u00e3o de compromissos e corresponsabilidades dos entes federativos para a garantia dos direitos socioassistenciaias.<\/font><\/p>\n<div style=\"margin-top: 0px; margin-bottom: 0px;\" class=\"sharethis-inline-share-buttons\" ><\/div>","protected":false},"excerpt":{"rendered":"<p>A VII Confer\u00eancia de Assist\u00eancia Municipal foi realizada na \u00faltima sexta-feira dia (28). Com o tema: \u201cGarantia de Direitos e Fortalecimento do Sistema \u00danico de Assist\u00eancia Social\u201d, o evento aconteceu nas depend\u00eancias do CCI e contou com representantes de entidades como: profissionais da \u00e1rea e usu\u00e1rios da Assist\u00eancia Social. A Confer\u00eancia busca reafirmar o papel [&hellip;]<\/p>\n","protected":false},"author":1,"featured_media":0,"comment_status":"open","ping_status":"open","sticky":false,"template":"","format":"standard","meta":{"footnotes":""},"categories":[2],"tags":[],"class_list":["post-3521","post","type-post","status-publish","format-standard","hentry","category-noticias-do-dia"],"_links":{"self":[{"href":"https:\/\/www.saloanoticias.com\/v1\/wp-json\/wp\/v2\/posts\/3521","targetHints":{"allow":["GET"]}}],"collection":[{"href":"https:\/\/www.saloanoticias.com\/v1\/wp-json\/wp\/v2\/posts"}],"about":[{"href":"https:\/\/www.saloanoticias.com\/v1\/wp-json\/wp\/v2\/types\/post"}],"author":[{"embeddable":true,"href":"https:\/\/www.saloanoticias.com\/v1\/wp-json\/wp\/v2\/users\/1"}],"replies":[{"embeddable":true,"href":"https:\/\/www.saloanoticias.com\/v1\/wp-json\/wp\/v2\/comments?post=3521"}],"version-history":[{"count":0,"href":"https:\/\/www.saloanoticias.com\/v1\/wp-json\/wp\/v2\/posts\/3521\/revisions"}],"wp:attachment":[{"href":"https:\/\/www.saloanoticias.com\/v1\/wp-json\/wp\/v2\/media?parent=3521"}],"wp:term":[{"taxonomy":"category","embeddable":true,"href":"https:\/\/www.saloanoticias.com\/v1\/wp-json\/wp\/v2\/categories?post=3521"},{"taxonomy":"post_tag","embeddable":true,"href":"https:\/\/www.saloanoticias.com\/v1\/wp-json\/wp\/v2\/tags?post=3521"}],"curies":[{"name":"wp","href":"https:\/\/api.w.org\/{rel}","templated":true}]}}