{"id":3520,"date":"2017-08-01T13:24:00","date_gmt":"2017-08-01T13:24:00","guid":{"rendered":"https:\/\/saloanoticias.mrmediaweb.com\/v1\/2017\/08\/01\/governador-entrega-83-novas-viaturas-as-policias\/"},"modified":"2017-08-01T13:24:00","modified_gmt":"2017-08-01T13:24:00","slug":"governador-entrega-83-novas-viaturas-as-policias","status":"publish","type":"post","link":"https:\/\/www.saloanoticias.com\/v1\/governador-entrega-83-novas-viaturas-as-policias\/","title":{"rendered":"GOVERNADOR FAZ A ENTREGA DE 83 NOVAS VIATURAS \u00c0S POL\u00cdCIAS"},"content":{"rendered":"<p align=\"justify\"><font size=\"3\" face=\"Arial\"><a href=\"http:\/\/www.saloanoticias.com\/images\/vencedores-por-cristo-salo_045d1c5ba63085e10ffc2475e685d320.jpg\"><img loading=\"lazy\" decoding=\"async\" title=\"vencedores-por-cristo-salo\" style=\"border-top: 0px; border-right: 0px; background-image: none; border-bottom: 0px; float: right; padding-top: 0px; padding-left: 0px; margin: 5px 0px 0px 5px; border-left: 0px; display: inline; padding-right: 0px\" border=\"0\" alt=\"vencedores-por-cristo-salo\" src=\"http:\/\/www.saloanoticias.com\/v1\/wp-content\/uploads\/imagens\/vencedores-por-cristo-salo_thumb_69b09ed49ee3ec96c57acf400a155b31.jpg\" width=\"301\" align=\"right\" height=\"188\"><\/a>O governador Paulo C\u00e2mara entregou nesta segunda-feira (31) \u00e0 Secretaria de Defesa Social 83 novas viaturas para atender \u00e0s necessidades das Pol\u00edcias Militar, Civil e Cient\u00edfica de Pernambuco. <\/font><font size=\"3\" face=\"Arial\">Os ve\u00edculos atender\u00e3o a 20 munic\u00edpios da Zona da Mata, Agreste e Sert\u00e3o, al\u00e9m dos 14 que integram a Regi\u00e3o Metropolitana do Recife. A compra das novas viaturas est\u00e1 prevista no Plano Estadual de Seguran\u00e7a P\u00fablica de Pernambuco, que prev\u00ea um investimento de R$ R$ 290,8 milh\u00f5es neste setor.<\/font> <\/p>\n<p align=\"justify\"><font size=\"3\" face=\"Arial\">\u201cAs viaturas ir\u00e3o dar condi\u00e7\u00f5es para que os policiais desenvolvam um trabalho melhor, com ve\u00edculos novos e modernos. N\u00f3s estamos investindo tamb\u00e9m em motos. Ao longo deste ano ir\u00e3o chegar a 700 novas motocicletas, pois o tr\u00e2nsito na Regi\u00e3o Metropolitana exige respostas mais r\u00e1pidas para as ocorr\u00eancias. Temos tamb\u00e9m uma expectativa positiva de que todo o interior de Pernambuco receba nova frota de ve\u00edculos\u201d, disse o governador. <\/font><font size=\"3\" face=\"Arial\">Dos ve\u00edculos entregues nesta segunda-feira, 10 s\u00e3o do modelo Hillux, que ser\u00e3o incorporados aos grupos t\u00e1ticos da Pol\u00edcia Militar nas \u00e1reas das diretorias integradas do Interior I e II (DINTER I e II).<\/font> <\/p>\n<p align=\"justify\"><font size=\"3\" face=\"Arial\">Tamb\u00e9m foram entregues 16 ve\u00edculos de modelo Spin para o policiamento ostensivo em geral, e 16 Hlilux 4\u00d74 para as delegacias de Pol\u00edcia Civil do Agreste e Sert\u00e3o abrangidas pelas DINTER I e II. <\/font><font size=\"3\" face=\"Arial\">Para o Grupo de Opera\u00e7\u00f5es Especiais da Pol\u00edcia Civil (GOE) foram destinados quatro modelos Amarok 4\u00d72. Outras sete unidades do mesmo ve\u00edculo atender\u00e3o \u00e0s Pol\u00edcias Militar e Civil em batalh\u00f5es e delegacias. <\/font><font size=\"3\" face=\"Arial\">J\u00e1 os cinco ve\u00edculos Citr\u00f6en Aircross auxiliar\u00e3o os trabalhos da Pol\u00edcia Cient\u00edfica no Instituto de Criminal\u00edstica, tendo sido estes adquiridos por meio de conv\u00eanio com a Secretaria Nacional de Seguran\u00e7a P\u00fablica.<\/font> <\/p>\n<p align=\"justify\"><font size=\"3\" face=\"Arial\">Por outro lado, foram entregues 25 motocicletas de modelo XRE para a CIPMOTO\/ROCAM do Recife e Regi\u00e3o Metropolitana. <\/font><font size=\"3\" face=\"Arial\">\u201cTemos 1.500 novos PMs j\u00e1 na academia, que acabam (o curso) no final de agosto e ir\u00e3o para as ruas em setembro. N\u00f3s temos mais 1.300 PMs que v\u00e3o entrar na academia em setembro, para, no in\u00edcio de 2018, irem \u00e0s ruas. S\u00e3o 2.800 novos agentes. O concurso da Pol\u00edcia Civil est\u00e1 se encerrando tamb\u00e9m no final do ano, ent\u00e3o ir\u00e3o entrar mais 140 novos delegados, 600 agentes e quase 400 policiais da Pol\u00edcia Cient\u00edfica\u201d, disse Paulo C\u00e2mara. <strong><font size=\"2\">Fonte: Blog do Inaldo Sampaio<\/font><\/strong><\/font><\/p>\n<div style=\"margin-top: 0px; margin-bottom: 0px;\" class=\"sharethis-inline-share-buttons\" ><\/div>","protected":false},"excerpt":{"rendered":"<p>O governador Paulo C\u00e2mara entregou nesta segunda-feira (31) \u00e0 Secretaria de Defesa Social 83 novas viaturas para atender \u00e0s necessidades das Pol\u00edcias Militar, Civil e Cient\u00edfica de Pernambuco. Os ve\u00edculos atender\u00e3o a 20 munic\u00edpios da Zona da Mata, Agreste e Sert\u00e3o, al\u00e9m dos 14 que integram a Regi\u00e3o Metropolitana do Recife. A compra das novas [&hellip;]<\/p>\n","protected":false},"author":1,"featured_media":0,"comment_status":"open","ping_status":"open","sticky":false,"template":"","format":"standard","meta":{"footnotes":""},"categories":[2],"tags":[],"class_list":["post-3520","post","type-post","status-publish","format-standard","hentry","category-noticias-do-dia"],"_links":{"self":[{"href":"https:\/\/www.saloanoticias.com\/v1\/wp-json\/wp\/v2\/posts\/3520","targetHints":{"allow":["GET"]}}],"collection":[{"href":"https:\/\/www.saloanoticias.com\/v1\/wp-json\/wp\/v2\/posts"}],"about":[{"href":"https:\/\/www.saloanoticias.com\/v1\/wp-json\/wp\/v2\/types\/post"}],"author":[{"embeddable":true,"href":"https:\/\/www.saloanoticias.com\/v1\/wp-json\/wp\/v2\/users\/1"}],"replies":[{"embeddable":true,"href":"https:\/\/www.saloanoticias.com\/v1\/wp-json\/wp\/v2\/comments?post=3520"}],"version-history":[{"count":0,"href":"https:\/\/www.saloanoticias.com\/v1\/wp-json\/wp\/v2\/posts\/3520\/revisions"}],"wp:attachment":[{"href":"https:\/\/www.saloanoticias.com\/v1\/wp-json\/wp\/v2\/media?parent=3520"}],"wp:term":[{"taxonomy":"category","embeddable":true,"href":"https:\/\/www.saloanoticias.com\/v1\/wp-json\/wp\/v2\/categories?post=3520"},{"taxonomy":"post_tag","embeddable":true,"href":"https:\/\/www.saloanoticias.com\/v1\/wp-json\/wp\/v2\/tags?post=3520"}],"curies":[{"name":"wp","href":"https:\/\/api.w.org\/{rel}","templated":true}]}}