{"id":3519,"date":"2017-07-31T19:05:00","date_gmt":"2017-07-31T19:05:00","guid":{"rendered":"https:\/\/saloanoticias.mrmediaweb.com\/v1\/2017\/07\/31\/secretaria-de-saude-faz-inspecoes-de-rotina-em-predios-publicos\/"},"modified":"2017-07-31T19:05:00","modified_gmt":"2017-07-31T19:05:00","slug":"secretaria-de-saude-faz-inspecoes-de-rotina-em-predios-publicos","status":"publish","type":"post","link":"https:\/\/www.saloanoticias.com\/v1\/secretaria-de-saude-faz-inspecoes-de-rotina-em-predios-publicos\/","title":{"rendered":"SECRETARIA DE SA\u00daDE FAZ INSPE\u00c7\u00d5ES DE ROTINA EM PR\u00c9DIOS P\u00daBLICOS DA CIDADE"},"content":{"rendered":"<p align=\"justify\"><font size=\"3\" face=\"Arial\"><a href=\"http:\/\/www.saloanoticias.com\/images\/20429777_1420962697969293_3894033182358094570_n.jpg\"><img loading=\"lazy\" decoding=\"async\" title=\"20429777_1420962697969293_3894033182358094570_n\" style=\"border-top: 0px; border-right: 0px; background-image: none; border-bottom: 0px; float: none; padding-top: 0px; padding-left: 0px; margin: 0px auto 10px; border-left: 0px; display: block; padding-right: 0px\" border=\"0\" alt=\"20429777_1420962697969293_3894033182358094570_n\" src=\"http:\/\/www.saloanoticias.com\/v1\/wp-content\/uploads\/imagens\/20429777_1420962697969293_3894033182358094570_n_thumb.jpg\" width=\"1489\" height=\"839\"><\/a>A Secretaria de Sa\u00fade de Salo\u00e1, atrav\u00e9s de seus agentes, Andr\u00e9 Amaral e Paulo Lira (Paulo da Sa\u00fade), realizou na \u00faltima semana inspe\u00e7\u00f5es de rotina em alguns pr\u00e9dios p\u00fablicos com o objetivo de verificar alguma irregularidade nos reservat\u00f3rios de \u00e1guas, quanto a qualidade da \u00e1gua consumida nestes locais. Um dos locais visitados foi a Unidade de Sa\u00fade Josina Godoy. Os profissionais de sa\u00fade ainda estiveram no matadouro p\u00fablico para fazer a entrega de \u00f3culos de prote\u00e7\u00e3o aos funcion\u00e1rios no dia nacional de preven\u00e7\u00e3o de acidentes no trabalho. Segundo os t\u00e9cnicos, essas a\u00e7\u00f5es valorizam os trabalhadores e promovem mais dignidade no ambiente de trabalho.<\/font><\/p>\n<p align=\"justify\"><a href=\"http:\/\/www.saloanoticias.com\/images\/20429962_1420962727969290_744205846697489459_n_af8e4f3f695ee9b5448713da1e2f6f15.jpg\"><img loading=\"lazy\" decoding=\"async\" title=\"20429962_1420962727969290_744205846697489459_n\" style=\"border-top: 0px; border-right: 0px; background-image: none; border-bottom: 0px; float: none; padding-top: 0px; padding-left: 0px; margin-left: auto; border-left: 0px; display: block; padding-right: 0px; margin-right: auto\" border=\"0\" alt=\"20429962_1420962727969290_744205846697489459_n\" src=\"http:\/\/www.saloanoticias.com\/v1\/wp-content\/uploads\/imagens\/20429962_1420962727969290_744205846697489459_n_thumb_5efe546683606bbc4877d5a3cfae1d16.jpg\" width=\"1491\" height=\"839\"><\/a><\/p>\n<p><a href=\"http:\/\/www.saloanoticias.com\/images\/20525516_1420962554635974_7124737263282620705_n_a5342d7d60004936947fc680e4295b42.jpg\"><img loading=\"lazy\" decoding=\"async\" title=\"20525516_1420962554635974_7124737263282620705_n\" style=\"border-top: 0px; border-right: 0px; background-image: none; border-bottom: 0px; float: none; padding-top: 0px; padding-left: 0px; margin-left: auto; border-left: 0px; display: block; padding-right: 0px; margin-right: auto\" border=\"0\" alt=\"20525516_1420962554635974_7124737263282620705_n\" src=\"http:\/\/www.saloanoticias.com\/v1\/wp-content\/uploads\/imagens\/20525516_1420962554635974_7124737263282620705_n_thumb_ce1e1f703fad7d28a21f2087c2db371f.jpg\" width=\"1490\" height=\"2649\"><\/a><\/p>\n<p><a href=\"http:\/\/www.saloanoticias.com\/images\/vencedores-por-cristo-salo_e2b5b0d15dc34f9ab2ca7fda4844d057.jpg\"><img loading=\"lazy\" decoding=\"async\" title=\"vencedores-por-cristo-salo\" style=\"border-top: 0px; border-right: 0px; background-image: none; border-bottom: 0px; float: none; padding-top: 0px; padding-left: 0px; margin-left: auto; border-left: 0px; display: block; padding-right: 0px; margin-right: auto\" border=\"0\" alt=\"vencedores-por-cristo-salo\" src=\"http:\/\/www.saloanoticias.com\/v1\/wp-content\/uploads\/imagens\/vencedores-por-cristo-salo_thumb_af26e23c2999dc7029c95df7e7221d79.jpg\" width=\"1487\" height=\"2640\"><\/a><\/p>\n<p><a href=\"http:\/\/www.saloanoticias.com\/images\/20479970_1420962581302638_7024359346058793020_n_122f056ee3fc20985af132f14ab100b3.jpg\"><img loading=\"lazy\" decoding=\"async\" title=\"20479970_1420962581302638_7024359346058793020_n\" style=\"border-top: 0px; border-right: 0px; background-image: none; border-bottom: 0px; float: none; padding-top: 0px; padding-left: 0px; margin-left: auto; border-left: 0px; display: block; padding-right: 0px; margin-right: auto\" border=\"0\" alt=\"20479970_1420962581302638_7024359346058793020_n\" src=\"http:\/\/www.saloanoticias.com\/v1\/wp-content\/uploads\/imagens\/20479970_1420962581302638_7024359346058793020_n_thumb_4e8daa418e6ee0b0f56d193c6c948df8.jpg\" width=\"1487\" height=\"2645\"><\/a><\/p>\n<div style=\"margin-top: 0px; margin-bottom: 0px;\" class=\"sharethis-inline-share-buttons\" ><\/div>","protected":false},"excerpt":{"rendered":"<p>A Secretaria de Sa\u00fade de Salo\u00e1, atrav\u00e9s de seus agentes, Andr\u00e9 Amaral e Paulo Lira (Paulo da Sa\u00fade), realizou na \u00faltima semana inspe\u00e7\u00f5es de rotina em alguns pr\u00e9dios p\u00fablicos com o objetivo de verificar alguma irregularidade nos reservat\u00f3rios de \u00e1guas, quanto a qualidade da \u00e1gua consumida nestes locais. Um dos locais visitados foi a Unidade [&hellip;]<\/p>\n","protected":false},"author":1,"featured_media":0,"comment_status":"open","ping_status":"open","sticky":false,"template":"","format":"standard","meta":{"footnotes":""},"categories":[2],"tags":[],"class_list":["post-3519","post","type-post","status-publish","format-standard","hentry","category-noticias-do-dia"],"_links":{"self":[{"href":"https:\/\/www.saloanoticias.com\/v1\/wp-json\/wp\/v2\/posts\/3519","targetHints":{"allow":["GET"]}}],"collection":[{"href":"https:\/\/www.saloanoticias.com\/v1\/wp-json\/wp\/v2\/posts"}],"about":[{"href":"https:\/\/www.saloanoticias.com\/v1\/wp-json\/wp\/v2\/types\/post"}],"author":[{"embeddable":true,"href":"https:\/\/www.saloanoticias.com\/v1\/wp-json\/wp\/v2\/users\/1"}],"replies":[{"embeddable":true,"href":"https:\/\/www.saloanoticias.com\/v1\/wp-json\/wp\/v2\/comments?post=3519"}],"version-history":[{"count":0,"href":"https:\/\/www.saloanoticias.com\/v1\/wp-json\/wp\/v2\/posts\/3519\/revisions"}],"wp:attachment":[{"href":"https:\/\/www.saloanoticias.com\/v1\/wp-json\/wp\/v2\/media?parent=3519"}],"wp:term":[{"taxonomy":"category","embeddable":true,"href":"https:\/\/www.saloanoticias.com\/v1\/wp-json\/wp\/v2\/categories?post=3519"},{"taxonomy":"post_tag","embeddable":true,"href":"https:\/\/www.saloanoticias.com\/v1\/wp-json\/wp\/v2\/tags?post=3519"}],"curies":[{"name":"wp","href":"https:\/\/api.w.org\/{rel}","templated":true}]}}