{"id":3518,"date":"2017-07-31T13:01:00","date_gmt":"2017-07-31T13:01:00","guid":{"rendered":"https:\/\/saloanoticias.mrmediaweb.com\/v1\/2017\/07\/31\/cras-de-saloa-apresenta-seus-trabalhos-no-fig-2017\/"},"modified":"2017-07-31T13:01:00","modified_gmt":"2017-07-31T13:01:00","slug":"cras-de-saloa-apresenta-seus-trabalhos-no-fig-2017","status":"publish","type":"post","link":"https:\/\/www.saloanoticias.com\/v1\/cras-de-saloa-apresenta-seus-trabalhos-no-fig-2017\/","title":{"rendered":"CAPS DO MUNIC\u00cdPIO DE SALO\u00c1 APRESENTA SEUS TRABALHOS NO FIG 2017"},"content":{"rendered":"<p align=\"justify\"><font size=\"3\" face=\"Arial\"><a href=\"http:\/\/www.saloanoticias.com\/images\/20525516_1420962554635974_7124737263282620705_n.jpg\"><img loading=\"lazy\" decoding=\"async\" title=\"20525516_1420962554635974_7124737263282620705_n\" style=\"border-top: 0px; border-right: 0px; background-image: none; border-bottom: 0px; float: none; padding-top: 0px; padding-left: 0px; margin: 0px auto 10px; border-left: 0px; display: block; padding-right: 0px\" border=\"0\" alt=\"20525516_1420962554635974_7124737263282620705_n\" src=\"http:\/\/www.saloanoticias.com\/v1\/wp-content\/uploads\/imagens\/20525516_1420962554635974_7124737263282620705_n_thumb.jpg\" width=\"1517\" height=\"1137\"><\/a>Na noite do dia 28\/07 a Secretaria Municipal de Sa\u00fade de Salo\u00e1-PE se fez presente mais uma vez no FIG\/2017, atrav\u00e9s das apresenta\u00e7\u00f5es dos trabalhos que o CAPS de nosso munic\u00edpio vem desenvolvendo; houve exibi\u00e7\u00e3o dos trabalhos realizados com os usu\u00e1rios mediante as oficinas, distribui\u00e7\u00e3o de folder a fim de exibir \u00e0 toda popula\u00e7\u00e3o o trabalho realizado pela rede Psicossocial. Todos os funcion\u00e1rios se fizeram presentes, al\u00e9m de representantes da Secretaria Municipal de Sa\u00fade; Representante da V GERES, como tamb\u00e9m da Secretaria Estadual de Sa\u00fade prestigiando os trabalhos do CAPS\/Salo\u00e1-PE.<\/font><\/p>\n<p align=\"justify\"><a href=\"http:\/\/www.saloanoticias.com\/images\/20479970_1420962581302638_7024359346058793020_n.jpg\"><img loading=\"lazy\" decoding=\"async\" title=\"20479970_1420962581302638_7024359346058793020_n\" style=\"border-top: 0px; border-right: 0px; background-image: none; border-bottom: 0px; float: none; padding-top: 0px; padding-left: 0px; margin-left: auto; border-left: 0px; display: block; padding-right: 0px; margin-right: auto\" border=\"0\" alt=\"20479970_1420962581302638_7024359346058793020_n\" src=\"http:\/\/www.saloanoticias.com\/v1\/wp-content\/uploads\/imagens\/20479970_1420962581302638_7024359346058793020_n_thumb.jpg\" width=\"1514\" height=\"852\"><\/a><\/p>\n<p><a href=\"http:\/\/www.saloanoticias.com\/images\/20429962_1420962727969290_744205846697489459_n.jpg\"><img loading=\"lazy\" decoding=\"async\" title=\"20429962_1420962727969290_744205846697489459_n\" style=\"border-top: 0px; border-right: 0px; background-image: none; border-bottom: 0px; float: none; padding-top: 0px; padding-left: 0px; margin-left: auto; border-left: 0px; display: block; padding-right: 0px; margin-right: auto\" border=\"0\" alt=\"20429962_1420962727969290_744205846697489459_n\" src=\"http:\/\/www.saloanoticias.com\/v1\/wp-content\/uploads\/imagens\/20429962_1420962727969290_744205846697489459_n_thumb.jpg\" width=\"1512\" height=\"1134\"><\/a><\/p>\n<div style=\"margin-top: 0px; margin-bottom: 0px;\" class=\"sharethis-inline-share-buttons\" ><\/div>","protected":false},"excerpt":{"rendered":"<p>Na noite do dia 28\/07 a Secretaria Municipal de Sa\u00fade de Salo\u00e1-PE se fez presente mais uma vez no FIG\/2017, atrav\u00e9s das apresenta\u00e7\u00f5es dos trabalhos que o CAPS de nosso munic\u00edpio vem desenvolvendo; houve exibi\u00e7\u00e3o dos trabalhos realizados com os usu\u00e1rios mediante as oficinas, distribui\u00e7\u00e3o de folder a fim de exibir \u00e0 toda popula\u00e7\u00e3o o [&hellip;]<\/p>\n","protected":false},"author":1,"featured_media":0,"comment_status":"open","ping_status":"open","sticky":false,"template":"","format":"standard","meta":{"footnotes":""},"categories":[2],"tags":[],"class_list":["post-3518","post","type-post","status-publish","format-standard","hentry","category-noticias-do-dia"],"_links":{"self":[{"href":"https:\/\/www.saloanoticias.com\/v1\/wp-json\/wp\/v2\/posts\/3518","targetHints":{"allow":["GET"]}}],"collection":[{"href":"https:\/\/www.saloanoticias.com\/v1\/wp-json\/wp\/v2\/posts"}],"about":[{"href":"https:\/\/www.saloanoticias.com\/v1\/wp-json\/wp\/v2\/types\/post"}],"author":[{"embeddable":true,"href":"https:\/\/www.saloanoticias.com\/v1\/wp-json\/wp\/v2\/users\/1"}],"replies":[{"embeddable":true,"href":"https:\/\/www.saloanoticias.com\/v1\/wp-json\/wp\/v2\/comments?post=3518"}],"version-history":[{"count":0,"href":"https:\/\/www.saloanoticias.com\/v1\/wp-json\/wp\/v2\/posts\/3518\/revisions"}],"wp:attachment":[{"href":"https:\/\/www.saloanoticias.com\/v1\/wp-json\/wp\/v2\/media?parent=3518"}],"wp:term":[{"taxonomy":"category","embeddable":true,"href":"https:\/\/www.saloanoticias.com\/v1\/wp-json\/wp\/v2\/categories?post=3518"},{"taxonomy":"post_tag","embeddable":true,"href":"https:\/\/www.saloanoticias.com\/v1\/wp-json\/wp\/v2\/tags?post=3518"}],"curies":[{"name":"wp","href":"https:\/\/api.w.org\/{rel}","templated":true}]}}