{"id":3517,"date":"2017-07-30T12:37:00","date_gmt":"2017-07-30T12:37:00","guid":{"rendered":"https:\/\/saloanoticias.mrmediaweb.com\/v1\/2017\/07\/30\/jonas-motoristas-faleceu-no-recife\/"},"modified":"2017-07-30T12:37:00","modified_gmt":"2017-07-30T12:37:00","slug":"jonas-motoristas-faleceu-no-recife","status":"publish","type":"post","link":"https:\/\/www.saloanoticias.com\/v1\/jonas-motoristas-faleceu-no-recife\/","title":{"rendered":"JONAS MOTORISTA FALECEU NO RECIFE NA MADRUGADA DESTE DOMINGO (30)"},"content":{"rendered":"<p align=\"justify\"><font size=\"3\" face=\"Arial\"><a href=\"http:\/\/www.saloanoticias.com\/images\/15202503_1229862347079281_7186850334730632402_n_2741d23db45e82e5abdcf28d22a56a09.jpg\"><img loading=\"lazy\" decoding=\"async\" title=\"15202503_1229862347079281_7186850334730632402_n\" style=\"border-top: 0px; border-right: 0px; background-image: none; border-bottom: 0px; float: left; padding-top: 0px; padding-left: 0px; margin: 5px 5px 0px 0px; border-left: 0px; display: inline; padding-right: 0px\" border=\"0\" alt=\"15202503_1229862347079281_7186850334730632402_n\" src=\"http:\/\/www.saloanoticias.com\/v1\/wp-content\/uploads\/imagens\/15202503_1229862347079281_7186850334730632402_n_thumb_4e839039234fba13c2684e119cad33ad.jpg\" width=\"219\" align=\"left\" height=\"214\"><\/a>Faleceu no come\u00e7o da madrugada de ontem para hoje (30), no Hospital da Restaura\u00e7\u00e3o na cidade do Recife, o Sr. Jonas Cavalcante de Moraes, mais conhecido como Jonas Motorista, pessoa bastante conhecida e querida em Salo\u00e1\/PE. Pelas informa\u00e7\u00f5es chegadas a reda\u00e7\u00e3o do nosso Blog ele estava internado na UTI do referido hospital por estar sofrendo com graves problemas de sa\u00fade. Jonas era motorista efetivo da prefeitura municipal e estava lotado atualmente na secretaria de educa\u00e7\u00e3o e sua morte pegou todos de surpresa.<\/font><\/p>\n<p align=\"justify\"><font size=\"3\" face=\"Arial\">Ainda pelas informa\u00e7\u00f5es, o corpo de Jonas j\u00e1 est\u00e1 sendo trazido para a cidade de Salo\u00e1 e dever\u00e1 ser sepultado \u00e0s 15h, ou seja, 3 da tarde, deste domingo (30) na vila de Iatec\u00e1, distante 7km da sede. Esta informa\u00e7\u00e3o ainda n\u00e3o foi confirmada pela fam\u00edlia. Jonas <\/font><font size=\"3\" face=\"Arial\">faleceu hoje deixando a esposa e dois filho. A qualquer momento poderemos publicar mais detalhes sobre este triste fato. <strong><font size=\"2\">Foto: Arquivo da fam\u00edlia<\/font><\/strong><\/font><\/p>\n<p align=\"justify\"><strong><font size=\"2\" face=\"Arial\">Obs.: A Prefeitura Municipal de Salo\u00e1\/PE vai disponibilizar \u00f4nibus para transportar os populares que queiram ir at\u00e9 a vila de Iatec\u00e1 acompanhando o cortejo f\u00fanebre de Jonas. O carro vai sair da frente de Prefeitura \u00e0s 15h.<\/font><\/strong><\/p>\n<div style=\"margin-top: 0px; margin-bottom: 0px;\" class=\"sharethis-inline-share-buttons\" ><\/div>","protected":false},"excerpt":{"rendered":"<p>Faleceu no come\u00e7o da madrugada de ontem para hoje (30), no Hospital da Restaura\u00e7\u00e3o na cidade do Recife, o Sr. Jonas Cavalcante de Moraes, mais conhecido como Jonas Motorista, pessoa bastante conhecida e querida em Salo\u00e1\/PE. Pelas informa\u00e7\u00f5es chegadas a reda\u00e7\u00e3o do nosso Blog ele estava internado na UTI do referido hospital por estar sofrendo [&hellip;]<\/p>\n","protected":false},"author":1,"featured_media":0,"comment_status":"open","ping_status":"open","sticky":false,"template":"","format":"standard","meta":{"footnotes":""},"categories":[2],"tags":[],"class_list":["post-3517","post","type-post","status-publish","format-standard","hentry","category-noticias-do-dia"],"_links":{"self":[{"href":"https:\/\/www.saloanoticias.com\/v1\/wp-json\/wp\/v2\/posts\/3517","targetHints":{"allow":["GET"]}}],"collection":[{"href":"https:\/\/www.saloanoticias.com\/v1\/wp-json\/wp\/v2\/posts"}],"about":[{"href":"https:\/\/www.saloanoticias.com\/v1\/wp-json\/wp\/v2\/types\/post"}],"author":[{"embeddable":true,"href":"https:\/\/www.saloanoticias.com\/v1\/wp-json\/wp\/v2\/users\/1"}],"replies":[{"embeddable":true,"href":"https:\/\/www.saloanoticias.com\/v1\/wp-json\/wp\/v2\/comments?post=3517"}],"version-history":[{"count":0,"href":"https:\/\/www.saloanoticias.com\/v1\/wp-json\/wp\/v2\/posts\/3517\/revisions"}],"wp:attachment":[{"href":"https:\/\/www.saloanoticias.com\/v1\/wp-json\/wp\/v2\/media?parent=3517"}],"wp:term":[{"taxonomy":"category","embeddable":true,"href":"https:\/\/www.saloanoticias.com\/v1\/wp-json\/wp\/v2\/categories?post=3517"},{"taxonomy":"post_tag","embeddable":true,"href":"https:\/\/www.saloanoticias.com\/v1\/wp-json\/wp\/v2\/tags?post=3517"}],"curies":[{"name":"wp","href":"https:\/\/api.w.org\/{rel}","templated":true}]}}