{"id":3516,"date":"2017-07-29T18:20:00","date_gmt":"2017-07-29T18:20:00","guid":{"rendered":"https:\/\/saloanoticias.mrmediaweb.com\/v1\/2017\/07\/29\/43-aniversario-do-conjunto-vencedores-por-cristocomeca-neste-sabado-29\/"},"modified":"2017-07-29T18:20:00","modified_gmt":"2017-07-29T18:20:00","slug":"43-aniversario-do-conjunto-vencedores-por-cristocomeca-neste-sabado-29","status":"publish","type":"post","link":"https:\/\/www.saloanoticias.com\/v1\/43-aniversario-do-conjunto-vencedores-por-cristocomeca-neste-sabado-29\/","title":{"rendered":"\u201cVENCEDORES POR CRISTO\u201d DA ASSEMBLEIA DE DEUS EM SALO\u00c1 COMEMORA 43 ANOS DE EXIST\u00caNCIA NESTE S\u00c1BADO (29)"},"content":{"rendered":"<p align=\"justify\"><font size=\"3\" face=\"Arial\"><a href=\"http:\/\/www.saloanoticias.com\/images\/vencedores-por-cristo-salo_a294cfbcb28e8876a1efe40906c92b5b.jpg\"><img loading=\"lazy\" decoding=\"async\" title=\"vencedores-por-cristo-salo\" style=\"border-top: 0px; border-right: 0px; background-image: none; border-bottom: 0px; float: none; padding-top: 0px; padding-left: 0px; margin: 0px auto 10px; border-left: 0px; display: block; padding-right: 0px\" border=\"0\" alt=\"vencedores-por-cristo-salo\" src=\"http:\/\/www.saloanoticias.com\/v1\/wp-content\/uploads\/imagens\/vencedores-por-cristo-salo_thumb_b5f7ace4cd06067f64a38d4c3407f3ca.jpg\" width=\"1492\" height=\"945\"><\/a>A Igreja Evang\u00e9lica Assembleia de Deus em Pernambuco com filial na cidade de Salo\u00e1, realiza neste final de semana a festividade em comemora\u00e7\u00e3o ao 43\u00ba anivers\u00e1rio de exist\u00eancia do \u201cConjunto Vencedores por Cristo\u201d, tradicional \u00f3rg\u00e3o musical que \u00e9 formado pela juventude da igreja. Na noite de hoje, s\u00e1bado (29\/07), estar\u00e3o presentes mocidades vindas de algumas cidades da regi\u00e3o e contar\u00e1 com&nbsp; ministra\u00e7\u00e3o da palavra de Deus de um preletor especialmente enviado pelo pastor presidente Ailton Jos\u00e9 Alves, al\u00e9m da cantora Wayne Alyne vinda da cidade de Ouricuri no sert\u00e3o do Estado.<\/font><\/p>\n<p align=\"justify\"><a href=\"http:\/\/www.saloanoticias.com\/images\/20431324_1418680071530889_1048762603156667392_n_ecacd37f4a8d275d281e210320501ed8.jpg\"><img loading=\"lazy\" decoding=\"async\" title=\"20431324_1418680071530889_1048762603156667392_n\" style=\"border-top: 0px; border-right: 0px; background-image: none; border-bottom: 0px; float: none; padding-top: 0px; padding-left: 0px; margin-left: auto; border-left: 0px; display: block; padding-right: 0px; margin-right: auto\" border=\"0\" alt=\"20431324_1418680071530889_1048762603156667392_n\" src=\"http:\/\/www.saloanoticias.com\/v1\/wp-content\/uploads\/imagens\/20431324_1418680071530889_1048762603156667392_n_thumb_21714e05dc08c0eddabcd8fa797b23b4.jpg\" width=\"1500\" height=\"1146\"><\/a><\/p>\n<p align=\"justify\"><font size=\"3\" face=\"Arial\">As comemora\u00e7\u00f5es continuam no domingo (30\/07), com a participa\u00e7\u00e3o de outros conjuntos de jovens vindos das igrejas filiais. A mocidade da Assembleia de Salo\u00e1 tem a Coodena\u00e7\u00e3o Geral do Auxiliar de Trabalho, F\u00e1bio Melo, vice o Presb\u00edtero Ant\u00f4nio Zacarias, Dirigente da Mocidade, Di\u00e1cono M\u00e1rcio Ferreira e Vice-Dirigente o Auxiliar Cl\u00e9dson. J\u00e1 o Conjunto da Mocidade tem como maestrinas as irm\u00e3s Michele Vicente e Adrielly. <\/font><font size=\"3\" face=\"Arial\">Completam a dire\u00e7\u00e3o os irm\u00e3os Lodonhos Miranda e Herwllyn, que s\u00e3o secret\u00e1rios. A AD em Salo\u00e1 fica localizada na Rua Rold\u00e3o Ten\u00f3rio Cavalcante, n.\u00ba 100, no centro de Salo\u00e1\/PE, e tem a gest\u00e3o do Pastor Ademir Barbosa.<\/font><\/p>\n<p align=\"justify\"><a href=\"http:\/\/www.saloanoticias.com\/images\/15202503_1229862347079281_7186850334730632402_n.jpg\"><img loading=\"lazy\" decoding=\"async\" title=\"15202503_1229862347079281_7186850334730632402_n\" style=\"border-top: 0px; border-right: 0px; background-image: none; border-bottom: 0px; float: none; padding-top: 0px; padding-left: 0px; margin-left: auto; border-left: 0px; display: block; padding-right: 0px; margin-right: auto\" border=\"0\" alt=\"15202503_1229862347079281_7186850334730632402_n\" src=\"http:\/\/www.saloanoticias.com\/v1\/wp-content\/uploads\/imagens\/15202503_1229862347079281_7186850334730632402_n_thumb.jpg\" width=\"1509\" height=\"1509\"><\/a><\/p>\n<div style=\"margin-top: 0px; margin-bottom: 0px;\" class=\"sharethis-inline-share-buttons\" ><\/div>","protected":false},"excerpt":{"rendered":"<p>A Igreja Evang\u00e9lica Assembleia de Deus em Pernambuco com filial na cidade de Salo\u00e1, realiza neste final de semana a festividade em comemora\u00e7\u00e3o ao 43\u00ba anivers\u00e1rio de exist\u00eancia do \u201cConjunto Vencedores por Cristo\u201d, tradicional \u00f3rg\u00e3o musical que \u00e9 formado pela juventude da igreja. Na noite de hoje, s\u00e1bado (29\/07), estar\u00e3o presentes mocidades vindas de algumas [&hellip;]<\/p>\n","protected":false},"author":1,"featured_media":0,"comment_status":"open","ping_status":"open","sticky":false,"template":"","format":"standard","meta":{"footnotes":""},"categories":[2],"tags":[],"class_list":["post-3516","post","type-post","status-publish","format-standard","hentry","category-noticias-do-dia"],"_links":{"self":[{"href":"https:\/\/www.saloanoticias.com\/v1\/wp-json\/wp\/v2\/posts\/3516","targetHints":{"allow":["GET"]}}],"collection":[{"href":"https:\/\/www.saloanoticias.com\/v1\/wp-json\/wp\/v2\/posts"}],"about":[{"href":"https:\/\/www.saloanoticias.com\/v1\/wp-json\/wp\/v2\/types\/post"}],"author":[{"embeddable":true,"href":"https:\/\/www.saloanoticias.com\/v1\/wp-json\/wp\/v2\/users\/1"}],"replies":[{"embeddable":true,"href":"https:\/\/www.saloanoticias.com\/v1\/wp-json\/wp\/v2\/comments?post=3516"}],"version-history":[{"count":0,"href":"https:\/\/www.saloanoticias.com\/v1\/wp-json\/wp\/v2\/posts\/3516\/revisions"}],"wp:attachment":[{"href":"https:\/\/www.saloanoticias.com\/v1\/wp-json\/wp\/v2\/media?parent=3516"}],"wp:term":[{"taxonomy":"category","embeddable":true,"href":"https:\/\/www.saloanoticias.com\/v1\/wp-json\/wp\/v2\/categories?post=3516"},{"taxonomy":"post_tag","embeddable":true,"href":"https:\/\/www.saloanoticias.com\/v1\/wp-json\/wp\/v2\/tags?post=3516"}],"curies":[{"name":"wp","href":"https:\/\/api.w.org\/{rel}","templated":true}]}}