{"id":3514,"date":"2017-07-28T16:31:00","date_gmt":"2017-07-28T16:31:00","guid":{"rendered":"https:\/\/saloanoticias.mrmediaweb.com\/v1\/2017\/07\/28\/vandalos-quebram-e-furtam-cabos-de-fibra-otica-da-v-link\/"},"modified":"2017-07-28T16:31:00","modified_gmt":"2017-07-28T16:31:00","slug":"vandalos-quebram-e-furtam-cabos-de-fibra-otica-da-v-link","status":"publish","type":"post","link":"https:\/\/www.saloanoticias.com\/v1\/vandalos-quebram-e-furtam-cabos-de-fibra-otica-da-v-link\/","title":{"rendered":"VANDALOS QUEBRAM E FURTAM CABOS DE FIBRA \u00d3TICA DA EMPRESA \u201cV LINK\u201d"},"content":{"rendered":"<p align=\"justify\"><font size=\"3\" face=\"Arial\"><a href=\"http:\/\/www.saloanoticias.com\/images\/20431324_1418680071530889_1048762603156667392_n.jpg\"><img loading=\"lazy\" decoding=\"async\" title=\"20431324_1418680071530889_1048762603156667392_n\" style=\"border-top: 0px; border-right: 0px; background-image: none; border-bottom: 0px; float: none; padding-top: 0px; padding-left: 0px; margin: 0px auto 10px; border-left: 0px; display: block; padding-right: 0px\" border=\"0\" alt=\"20431324_1418680071530889_1048762603156667392_n\" src=\"http:\/\/www.saloanoticias.com\/v1\/wp-content\/uploads\/imagens\/20431324_1418680071530889_1048762603156667392_n_thumb.jpg\" width=\"1495\" height=\"842\"><\/a>Uma a\u00e7\u00e3o irrespons\u00e1vel e criminosa aconteceu na madrugada desta quinta-feira (27) para sexta (28) nas proximidades da comunidade do s\u00edtio Campo Sujo na divisa dos munic\u00edpios de Salo\u00e1 e Paranatama, quando pessoas mal intencionadas quebraram e furtaram cabos de fibra \u00f3tica que levam internet de alta velocidade da empresa \u201cV Link\u201d para os moradores de Salo\u00e1\/PE. Segundo o empres\u00e1rio Valdij\u00e2nio Vieira, a a\u00e7\u00e3o criminosa deixou centenas de clientes sem internet em quase metade da cidade.<\/font><\/p>\n<p align=\"justify\"><a href=\"http:\/\/www.saloanoticias.com\/images\/valdjnio.jpg\"><img loading=\"lazy\" decoding=\"async\" title=\"Valdj&acirc;nio\" style=\"border-top: 0px; border-right: 0px; background-image: none; border-bottom: 0px; float: right; padding-top: 0px; padding-left: 0px; margin: 5px 0px 0px 5px; border-left: 0px; display: inline; padding-right: 0px\" border=\"0\" alt=\"Valdj&acirc;nio\" src=\"http:\/\/www.saloanoticias.com\/v1\/wp-content\/uploads\/imagens\/valdjnio_thumb.jpg\" width=\"116\" align=\"right\" height=\"135\"><\/a><\/p>\n<p align=\"justify\"><font size=\"3\" face=\"Arial\">Ele lamentou o acontecido e disse que j\u00e1 prestou uma queixa crime na delegacia de Pol\u00edcia Civil para apura\u00e7\u00e3o dos fatos. A poucos dias a \u201cV Link\u201d anunciou a amplia\u00e7\u00e3o e implanta\u00e7\u00e3o da sua rede de internet de banda larga, utilizando agora cabos de fibra \u00f3tica, o que proporciona mais velocidade e qualidade nas conex\u00f5es de internet, e agora acontece uma coisa como esta. O empres\u00e1rio ainda informou a reda\u00e7\u00e3o deste Blog que j\u00e1 est\u00e1 trabalhando com sua equipe para o reestabelecimento dos servi\u00e7os \u00e0 comunidade, devendo voltar ao normal por volta das 15h (3 da tarde) festa sexta-feira (28).<\/font><\/p>\n<div style=\"margin-top: 0px; margin-bottom: 0px;\" class=\"sharethis-inline-share-buttons\" ><\/div>","protected":false},"excerpt":{"rendered":"<p>Uma a\u00e7\u00e3o irrespons\u00e1vel e criminosa aconteceu na madrugada desta quinta-feira (27) para sexta (28) nas proximidades da comunidade do s\u00edtio Campo Sujo na divisa dos munic\u00edpios de Salo\u00e1 e Paranatama, quando pessoas mal intencionadas quebraram e furtaram cabos de fibra \u00f3tica que levam internet de alta velocidade da empresa \u201cV Link\u201d para os moradores de [&hellip;]<\/p>\n","protected":false},"author":1,"featured_media":0,"comment_status":"open","ping_status":"open","sticky":false,"template":"","format":"standard","meta":{"footnotes":""},"categories":[2],"tags":[],"class_list":["post-3514","post","type-post","status-publish","format-standard","hentry","category-noticias-do-dia"],"_links":{"self":[{"href":"https:\/\/www.saloanoticias.com\/v1\/wp-json\/wp\/v2\/posts\/3514","targetHints":{"allow":["GET"]}}],"collection":[{"href":"https:\/\/www.saloanoticias.com\/v1\/wp-json\/wp\/v2\/posts"}],"about":[{"href":"https:\/\/www.saloanoticias.com\/v1\/wp-json\/wp\/v2\/types\/post"}],"author":[{"embeddable":true,"href":"https:\/\/www.saloanoticias.com\/v1\/wp-json\/wp\/v2\/users\/1"}],"replies":[{"embeddable":true,"href":"https:\/\/www.saloanoticias.com\/v1\/wp-json\/wp\/v2\/comments?post=3514"}],"version-history":[{"count":0,"href":"https:\/\/www.saloanoticias.com\/v1\/wp-json\/wp\/v2\/posts\/3514\/revisions"}],"wp:attachment":[{"href":"https:\/\/www.saloanoticias.com\/v1\/wp-json\/wp\/v2\/media?parent=3514"}],"wp:term":[{"taxonomy":"category","embeddable":true,"href":"https:\/\/www.saloanoticias.com\/v1\/wp-json\/wp\/v2\/categories?post=3514"},{"taxonomy":"post_tag","embeddable":true,"href":"https:\/\/www.saloanoticias.com\/v1\/wp-json\/wp\/v2\/tags?post=3514"}],"curies":[{"name":"wp","href":"https:\/\/api.w.org\/{rel}","templated":true}]}}