{"id":3513,"date":"2017-07-28T20:40:00","date_gmt":"2017-07-28T20:40:00","guid":{"rendered":"https:\/\/saloanoticias.mrmediaweb.com\/v1\/2017\/07\/28\/prefeitura-de-saloa-concede-aumento-aos-professores-da-rede-municipal-de-ensino\/"},"modified":"2017-07-28T20:40:00","modified_gmt":"2017-07-28T20:40:00","slug":"prefeitura-de-saloa-concede-aumento-aos-professores-da-rede-municipal-de-ensino","status":"publish","type":"post","link":"https:\/\/www.saloanoticias.com\/v1\/prefeitura-de-saloa-concede-aumento-aos-professores-da-rede-municipal-de-ensino\/","title":{"rendered":"PREFEITURA DE SALO\u00c1 CONCEDE AUMENTO AOS PROFESSORES DA REDE MUNICIPAL"},"content":{"rendered":"<p><a href=\"http:\/\/www.saloanoticias.com\/images\/20232352_1919503871644145_1519692794391482128_o_216e1f4c36f59e359b278891f025755a.jpg\"><img loading=\"lazy\" decoding=\"async\" title=\"20232352_1919503871644145_1519692794391482128_o\" style=\"border-top: 0px; border-right: 0px; background-image: none; border-bottom: 0px; float: left; padding-top: 0px; padding-left: 0px; margin: 5px 5px 0px 0px; border-left: 0px; display: inline; padding-right: 0px\" border=\"0\" alt=\"20232352_1919503871644145_1519692794391482128_o\" src=\"http:\/\/www.saloanoticias.com\/v1\/wp-content\/uploads\/imagens\/20232352_1919503871644145_1519692794391482128_o_thumb_61192cb75f79a08c37881a268cfa18a3.jpg\" width=\"213\" align=\"left\" height=\"215\"><\/a> <\/p>\n<p align=\"justify\"><font size=\"3\" face=\"Arial\">A C\u00e2mara Municipal de Salo\u00e1 aprovou na noite desta quinta-feira, dia 27 de julho de 2017, o aumento concedido pela Prefeitura aos professores da rede municipal de ensino no percentual de 7,64%. De acordo com as informa\u00e7\u00f5es, o projeto n.\u00ba 007\/2017 tramitou em <\/font><font size=\"3\" face=\"Arial\">regime de urg\u00eancia na C\u00e2mara e os profissionais j\u00e1 receber\u00e3o os sal\u00e1rios atualizados neste m\u00eas de julho. O reajuste foi concedido depois de uma reuni\u00e3o do prefeito Ricardo Alves (PMDB) com o SINDUPROM, sindicato dos profissionais da educa\u00e7\u00e3o no munic\u00edpio e uma comiss\u00e3o formada por professores.<\/font>  <\/p>\n<p align=\"justify\"><font size=\"3\" face=\"Arial\">Segundo assessores, o reajuste foi o m\u00e1ximo que a prefeitura p\u00f4de dar neste momento de crise que assola todo o pa\u00eds, principalmente os pequenos munic\u00edpios. O projeto foi elogiado e aprovado por unanimidade dos parlamentares presentes na sess\u00e3o. Pelos c\u00e1lculos da Prefeitura, os sal\u00e1rios j\u00e1 reajustados ser\u00e3o depositados nas contas do servidores ainda neste m\u00eas de julho, conforme j\u00e1 foi noticiado nas linhas acima. Destaca-se neste caso espec\u00edfico o interesse da atual gest\u00e3o em dialogar com as categorias e \u00f3rg\u00e3os de classes no munic\u00edpio.<\/font><\/p>\n<div style=\"margin-top: 0px; margin-bottom: 0px;\" class=\"sharethis-inline-share-buttons\" ><\/div>","protected":false},"excerpt":{"rendered":"<p>A C\u00e2mara Municipal de Salo\u00e1 aprovou na noite desta quinta-feira, dia 27 de julho de 2017, o aumento concedido pela Prefeitura aos professores da rede municipal de ensino no percentual de 7,64%. De acordo com as informa\u00e7\u00f5es, o projeto n.\u00ba 007\/2017 tramitou em regime de urg\u00eancia na C\u00e2mara e os profissionais j\u00e1 receber\u00e3o os sal\u00e1rios [&hellip;]<\/p>\n","protected":false},"author":1,"featured_media":0,"comment_status":"open","ping_status":"open","sticky":false,"template":"","format":"standard","meta":{"footnotes":""},"categories":[2],"tags":[],"class_list":["post-3513","post","type-post","status-publish","format-standard","hentry","category-noticias-do-dia"],"_links":{"self":[{"href":"https:\/\/www.saloanoticias.com\/v1\/wp-json\/wp\/v2\/posts\/3513","targetHints":{"allow":["GET"]}}],"collection":[{"href":"https:\/\/www.saloanoticias.com\/v1\/wp-json\/wp\/v2\/posts"}],"about":[{"href":"https:\/\/www.saloanoticias.com\/v1\/wp-json\/wp\/v2\/types\/post"}],"author":[{"embeddable":true,"href":"https:\/\/www.saloanoticias.com\/v1\/wp-json\/wp\/v2\/users\/1"}],"replies":[{"embeddable":true,"href":"https:\/\/www.saloanoticias.com\/v1\/wp-json\/wp\/v2\/comments?post=3513"}],"version-history":[{"count":0,"href":"https:\/\/www.saloanoticias.com\/v1\/wp-json\/wp\/v2\/posts\/3513\/revisions"}],"wp:attachment":[{"href":"https:\/\/www.saloanoticias.com\/v1\/wp-json\/wp\/v2\/media?parent=3513"}],"wp:term":[{"taxonomy":"category","embeddable":true,"href":"https:\/\/www.saloanoticias.com\/v1\/wp-json\/wp\/v2\/categories?post=3513"},{"taxonomy":"post_tag","embeddable":true,"href":"https:\/\/www.saloanoticias.com\/v1\/wp-json\/wp\/v2\/tags?post=3513"}],"curies":[{"name":"wp","href":"https:\/\/api.w.org\/{rel}","templated":true}]}}