{"id":3512,"date":"2017-07-28T13:18:00","date_gmt":"2017-07-28T13:18:00","guid":{"rendered":"https:\/\/saloanoticias.mrmediaweb.com\/v1\/2017\/07\/28\/policial-civil-comete-suicidio-em-garanhuns\/"},"modified":"2017-07-28T13:18:00","modified_gmt":"2017-07-28T13:18:00","slug":"policial-civil-comete-suicidio-em-garanhuns","status":"publish","type":"post","link":"https:\/\/www.saloanoticias.com\/v1\/policial-civil-comete-suicidio-em-garanhuns\/","title":{"rendered":"POLICIAL CIVIL TIRA A PR\u00d3PRIA VIDA NA CIDADE DE GARANHUNS"},"content":{"rendered":"<p align=\"justify\"><font size=\"3\" face=\"Arial\"><a href=\"http:\/\/www.saloanoticias.com\/images\/thumbnail_img-20170725-wa0022_e414d3a5cb8f9b8025b38d2440d49c18.jpg\"><img loading=\"lazy\" decoding=\"async\" title=\"thumbnail_IMG-20170725-WA0022\" style=\"border-left-width: 0px; border-right-width: 0px; background-image: none; border-bottom-width: 0px; float: none; padding-top: 0px; padding-left: 0px; margin: 0px auto 10px; display: block; padding-right: 0px; border-top-width: 0px\" border=\"0\" alt=\"thumbnail_IMG-20170725-WA0022\" src=\"http:\/\/www.saloanoticias.com\/v1\/wp-content\/uploads\/imagens\/thumbnail_img-20170725-wa0022_thumb_cd67a2e15b7ffca909d0875218966690.jpg\" width=\"1501\" height=\"1001\"><\/a>Um agente da Pol\u00edcia Civil de Pernambuco cometeu suic\u00eddio com disparo de arma de fogo na cabe\u00e7a, na manh\u00e3 desta quinta-feira (27\/07), na Rua Brej\u00e3o, Vila do Quartel, em Garanhuns \u2013 Agreste de Pernambuco. <\/font><font size=\"3\" face=\"Arial\">A v\u00edtima foi Danilo Taveira da Silva, de 32 anos. Ele era lotado na 18\u00aa Delegacia Seccional de Garanhuns (18\u00aa DESEC). A casa onde o fato aconteceu foi isolada e passou por pericia realizada pelo Instituto de Criminal\u00edstica (IC), da cidade de Caruaru\/PE.<\/font><\/p>\n<p align=\"justify\"><font size=\"3\" face=\"Arial\">Danilo, tinha excelentes servi\u00e7os prestados a sociedade atrav\u00e9s de sua atividade policial e era querido por todos. <\/font><font size=\"3\" face=\"Arial\">De acordo com informa\u00e7\u00f5es, ele vinha apresentando sintomas de depress\u00e3o e praticou o suic\u00eddio usando a arma da corpora\u00e7\u00e3o. Ele se encontrava em sua resid\u00eancia juntamente com sua mulher, quando ela teria ouvido o disparo, foi ao quarto onde ele estava, mas a porta estava fechada, ela conseguiu abrir e percebeu que ele estava lesionado e correu para rua pedindo socorro aos vizinhos que de imediato acionaram os policiais da Delegacia Regional e Pol\u00edcia Militar.<\/font>  <\/p>\n<p align=\"justify\"><font size=\"3\" face=\"Arial\">O Delegado Regional, Luiz Bernardo, ao chegar no local junto com sua equipe j\u00e1 encontrou Danilo em \u00f3bito, ca\u00eddo ao lado da cama, com sua pistola ao seus p\u00e9s. <\/font><font size=\"3\" face=\"Arial\">O Agente Danilo havia chegado recentemente para trabalhar em Garanhuns. Ele fazia parte da equipe do Delegado Luiz Bernardo, que era da 20\u00aa Delegacia de Homic\u00eddios de Caruaru, com a transfer\u00eancia do delegado para assumir o comando da 18\u00aa DESEC, o Agente tamb\u00e9m veio junto. Ele tamb\u00e9m trabalhou por muito tempo na Delegacia de Correntes\/PE, de onde saiu para ir trabalhar em Caruaru\/PE.<\/font>  <\/p>\n<p align=\"justify\"><font size=\"3\" face=\"Arial\">Atualmente ele fazia parte da equipe Malhas da Lei. <\/font><font size=\"3\" face=\"Arial\">Ap\u00f3s os procedimentos realizados pelo Instituto de Criminal\u00edstica (IC), o corpo foi levado para o Instituto de Medicina Legal (IML) de Caruaru\/PE. <strong><font size=\"2\">Fonte: Blog Agreste Violento<\/font><\/strong><\/font><\/p>\n<div style=\"margin-top: 0px; margin-bottom: 0px;\" class=\"sharethis-inline-share-buttons\" ><\/div>","protected":false},"excerpt":{"rendered":"<p>Um agente da Pol\u00edcia Civil de Pernambuco cometeu suic\u00eddio com disparo de arma de fogo na cabe\u00e7a, na manh\u00e3 desta quinta-feira (27\/07), na Rua Brej\u00e3o, Vila do Quartel, em Garanhuns \u2013 Agreste de Pernambuco. A v\u00edtima foi Danilo Taveira da Silva, de 32 anos. Ele era lotado na 18\u00aa Delegacia Seccional de Garanhuns (18\u00aa DESEC). [&hellip;]<\/p>\n","protected":false},"author":1,"featured_media":0,"comment_status":"open","ping_status":"open","sticky":false,"template":"","format":"standard","meta":{"footnotes":""},"categories":[2],"tags":[],"class_list":["post-3512","post","type-post","status-publish","format-standard","hentry","category-noticias-do-dia"],"_links":{"self":[{"href":"https:\/\/www.saloanoticias.com\/v1\/wp-json\/wp\/v2\/posts\/3512","targetHints":{"allow":["GET"]}}],"collection":[{"href":"https:\/\/www.saloanoticias.com\/v1\/wp-json\/wp\/v2\/posts"}],"about":[{"href":"https:\/\/www.saloanoticias.com\/v1\/wp-json\/wp\/v2\/types\/post"}],"author":[{"embeddable":true,"href":"https:\/\/www.saloanoticias.com\/v1\/wp-json\/wp\/v2\/users\/1"}],"replies":[{"embeddable":true,"href":"https:\/\/www.saloanoticias.com\/v1\/wp-json\/wp\/v2\/comments?post=3512"}],"version-history":[{"count":0,"href":"https:\/\/www.saloanoticias.com\/v1\/wp-json\/wp\/v2\/posts\/3512\/revisions"}],"wp:attachment":[{"href":"https:\/\/www.saloanoticias.com\/v1\/wp-json\/wp\/v2\/media?parent=3512"}],"wp:term":[{"taxonomy":"category","embeddable":true,"href":"https:\/\/www.saloanoticias.com\/v1\/wp-json\/wp\/v2\/categories?post=3512"},{"taxonomy":"post_tag","embeddable":true,"href":"https:\/\/www.saloanoticias.com\/v1\/wp-json\/wp\/v2\/tags?post=3512"}],"curies":[{"name":"wp","href":"https:\/\/api.w.org\/{rel}","templated":true}]}}