{"id":3510,"date":"2017-07-27T11:37:00","date_gmt":"2017-07-27T11:37:00","guid":{"rendered":"https:\/\/saloanoticias.mrmediaweb.com\/v1\/2017\/07\/27\/saloa-promove-acoes-voltadas-as-gestantes-do-municipio\/"},"modified":"2017-07-27T11:37:00","modified_gmt":"2017-07-27T11:37:00","slug":"saloa-promove-acoes-voltadas-as-gestantes-do-municipio","status":"publish","type":"post","link":"https:\/\/www.saloanoticias.com\/v1\/saloa-promove-acoes-voltadas-as-gestantes-do-municipio\/","title":{"rendered":"SALO\u00c1 PROMOVE A\u00c7\u00d5ES VOLTADAS PARA AS GESTANTES DO MUNIC\u00cdPIO"},"content":{"rendered":"<p align=\"justify\"><font size=\"3\" face=\"Arial\"><a href=\"http:\/\/www.saloanoticias.com\/images\/segunda-noite_aquilles_220717-8_869cabd6306cba6103208da290cfd9ad.jpg\"><img loading=\"lazy\" decoding=\"async\" title=\"Segunda Noite_Aquilles_220717 (8)\" style=\"border-top: 0px; border-right: 0px; background-image: none; border-bottom: 0px; float: none; padding-top: 0px; padding-left: 0px; margin: 0px auto 10px; border-left: 0px; display: block; padding-right: 0px\" border=\"0\" alt=\"Segunda Noite_Aquilles_220717 (8)\" src=\"http:\/\/www.saloanoticias.com\/v1\/wp-content\/uploads\/imagens\/segunda-noite_aquilles_220717-8_thumb_f9d8f036d2bc3da9e5e95c5ba271db6a.jpg\" width=\"1502\" height=\"1128\"><\/a>A Sa\u00fade no munic\u00edpio de Salo\u00e1 \u00e9 refer\u00eancia no Agreste de Pernambuco pelas in\u00fameras a\u00e7\u00f5es realizadas junto ao p\u00fablico alvo. Desta vez, as aten\u00e7\u00f5es est\u00e3o voltadas as gestantes do munic\u00edpio, com um trabalho diferenciado est\u00e3o sendo abordados temas como: Import\u00e2ncia do Pr\u00e9-Natal e o Desenvolvimento da Gesta\u00e7\u00e3o; nestas \u00e1reas os trabalhos est\u00e3o sendo conduzidos pela enfermeira Erika e a Fisioterapeuta Tayane ambas do PSF do Bairro Jaqueir\u00e3o.<\/font><\/p>\n<p align=\"justify\"><a href=\"http:\/\/www.saloanoticias.com\/images\/thumbnail_img-20170725-wa0022_878dddf39f806b5fa8ab90ffd1d545e2.jpg\"><img loading=\"lazy\" decoding=\"async\" title=\"thumbnail_IMG-20170725-WA0022\" style=\"border-top: 0px; border-right: 0px; background-image: none; border-bottom: 0px; float: none; padding-top: 0px; padding-left: 0px; margin-left: auto; border-left: 0px; display: block; padding-right: 0px; margin-right: auto\" border=\"0\" alt=\"thumbnail_IMG-20170725-WA0022\" src=\"http:\/\/www.saloanoticias.com\/v1\/wp-content\/uploads\/imagens\/thumbnail_img-20170725-wa0022_thumb_0c563a5bacd1523a527bcc108037893e.jpg\" width=\"1495\" height=\"1297\"><\/a><\/p>\n<p align=\"justify\"><font size=\"3\" face=\"Arial\">Al\u00e9m das palestras que s\u00e3o realizadas os grupos passam por orienta\u00e7\u00f5es de como se deve fazer uma boa alimenta\u00e7\u00e3o (mitos e verdades sobre alimenta\u00e7\u00e3o) e a import\u00e2ncia de atividades f\u00edsicas no per\u00edodo de gesta\u00e7\u00e3o. <\/font><font size=\"3\" face=\"Arial\">O espa\u00e7o utilizado \u00e9 o da academia da sa\u00fade que conta com toda estrutura necess\u00e1ria e profissionais altamente qualificados para ofertar uma sa\u00fade qualidade a essas mulheres neste per\u00edodo especial de suas vidas. Com essas a\u00e7\u00f5es, a Secretaria de Sa\u00fade demostra preocupa\u00e7\u00e3o na qualidade de vida dessas mulheres e seus futuros beb\u00eas.<\/font><\/p>\n<div style=\"margin-top: 0px; margin-bottom: 0px;\" class=\"sharethis-inline-share-buttons\" ><\/div>","protected":false},"excerpt":{"rendered":"<p>A Sa\u00fade no munic\u00edpio de Salo\u00e1 \u00e9 refer\u00eancia no Agreste de Pernambuco pelas in\u00fameras a\u00e7\u00f5es realizadas junto ao p\u00fablico alvo. Desta vez, as aten\u00e7\u00f5es est\u00e3o voltadas as gestantes do munic\u00edpio, com um trabalho diferenciado est\u00e3o sendo abordados temas como: Import\u00e2ncia do Pr\u00e9-Natal e o Desenvolvimento da Gesta\u00e7\u00e3o; nestas \u00e1reas os trabalhos est\u00e3o sendo conduzidos pela [&hellip;]<\/p>\n","protected":false},"author":1,"featured_media":0,"comment_status":"open","ping_status":"open","sticky":false,"template":"","format":"standard","meta":{"footnotes":""},"categories":[2],"tags":[],"class_list":["post-3510","post","type-post","status-publish","format-standard","hentry","category-noticias-do-dia"],"_links":{"self":[{"href":"https:\/\/www.saloanoticias.com\/v1\/wp-json\/wp\/v2\/posts\/3510","targetHints":{"allow":["GET"]}}],"collection":[{"href":"https:\/\/www.saloanoticias.com\/v1\/wp-json\/wp\/v2\/posts"}],"about":[{"href":"https:\/\/www.saloanoticias.com\/v1\/wp-json\/wp\/v2\/types\/post"}],"author":[{"embeddable":true,"href":"https:\/\/www.saloanoticias.com\/v1\/wp-json\/wp\/v2\/users\/1"}],"replies":[{"embeddable":true,"href":"https:\/\/www.saloanoticias.com\/v1\/wp-json\/wp\/v2\/comments?post=3510"}],"version-history":[{"count":0,"href":"https:\/\/www.saloanoticias.com\/v1\/wp-json\/wp\/v2\/posts\/3510\/revisions"}],"wp:attachment":[{"href":"https:\/\/www.saloanoticias.com\/v1\/wp-json\/wp\/v2\/media?parent=3510"}],"wp:term":[{"taxonomy":"category","embeddable":true,"href":"https:\/\/www.saloanoticias.com\/v1\/wp-json\/wp\/v2\/categories?post=3510"},{"taxonomy":"post_tag","embeddable":true,"href":"https:\/\/www.saloanoticias.com\/v1\/wp-json\/wp\/v2\/tags?post=3510"}],"curies":[{"name":"wp","href":"https:\/\/api.w.org\/{rel}","templated":true}]}}