{"id":3509,"date":"2017-07-25T22:52:00","date_gmt":"2017-07-25T22:52:00","guid":{"rendered":"https:\/\/saloanoticias.mrmediaweb.com\/v1\/2017\/07\/25\/artesanata-saloaense-no-fig-2017\/"},"modified":"2017-07-25T22:52:00","modified_gmt":"2017-07-25T22:52:00","slug":"artesanata-saloaense-no-fig-2017","status":"publish","type":"post","link":"https:\/\/www.saloanoticias.com\/v1\/artesanata-saloaense-no-fig-2017\/","title":{"rendered":"O ARTESANATO SALOAENSE EST\u00c1 NO FIG"},"content":{"rendered":"<p align=\"justify\"><font size=\"3\" face=\"Arial\"><a href=\"http:\/\/www.saloanoticias.com\/images\/segunda-noite_aquilles_220717-5_addaf079087bb5cc7bab2f0bcace82d0.jpg\"><img loading=\"lazy\" decoding=\"async\" title=\"Segunda Noite_Aquilles_220717 (5)\" style=\"border-top: 0px; border-right: 0px; background-image: none; border-bottom: 0px; float: none; padding-top: 0px; padding-left: 0px; margin: 0px auto 10px; border-left: 0px; display: block; padding-right: 0px\" border=\"0\" alt=\"Segunda Noite_Aquilles_220717 (5)\" src=\"http:\/\/www.saloanoticias.com\/v1\/wp-content\/uploads\/imagens\/segunda-noite_aquilles_220717-5_thumb_56c5d6c06a4a5ba2c3a93da81b556284.jpg\" width=\"1522\" height=\"1072\"><\/a>A participa\u00e7\u00e3o do munic\u00edpio de Salo\u00e1\/PE no FIG &#8211; Festival de Inverno de Garanhuns est\u00e1 se tornando rotina. Os artes\u00e3os saloaenses j\u00e1 completam tr\u00eas participa\u00e7\u00f5es exibindo e comerciando suas pe\u00e7as. <\/font><font size=\"3\" face=\"Arial\">Dentre as produ\u00e7\u00f5es \u00e9 poss\u00edvel encontrar jarros de plantas artificiais, panos de prato, pe\u00e7as decorativas feitas em madeira e em barro, dentre outras. <\/font><font size=\"3\" face=\"Arial\">Com o maior acervo de artistas do munic\u00edpio e preservando a cultura local, n\u00e3o poderiam faltar artistas do povoado Serrinha da Prata que produzem bolsas de fuxico, tocas, cachec\u00f3is, e at\u00e9 camisetas de croch\u00ea.<\/font><\/p>\n<p align=\"justify\"><a href=\"http:\/\/www.saloanoticias.com\/images\/segunda-noite_aquilles_220717-8_f938d7a6dc760508005c91698b6674ed.jpg\"><img loading=\"lazy\" decoding=\"async\" title=\"Segunda Noite_Aquilles_220717 (8)\" style=\"border-top: 0px; border-right: 0px; background-image: none; border-bottom: 0px; float: none; padding-top: 0px; padding-left: 0px; margin-left: auto; border-left: 0px; display: block; padding-right: 0px; margin-right: auto\" border=\"0\" alt=\"Segunda Noite_Aquilles_220717 (8)\" src=\"http:\/\/www.saloanoticias.com\/v1\/wp-content\/uploads\/imagens\/segunda-noite_aquilles_220717-8_thumb_18a228bc1ad4ed6da93826ab61252a9e.jpg\" width=\"1510\" height=\"1428\"><\/a><\/p>\n<p align=\"justify\"><font size=\"3\" face=\"Arial\">O estande que tem o apoio da Prefeitura de Salo\u00e1 est\u00e1 localizado no Parque Euclides Dourado, local de grande movimenta\u00e7\u00e3o nos per\u00edodos do festival. Centenas de pessoas j\u00e1 estiveram no estande que est\u00e1 sendo considerado um dos melhores do FIG. S\u00e3o pe\u00e7as originais e exclusivas feitas com muito carinho para os consumidores. <\/font><font size=\"3\" face=\"Arial\">Fa\u00e7a uma visita e confira os produtos dos nossos artistas ! <\/font><font size=\"3\" face=\"Arial\">\u00c9 a Prefeitura incentivando a arte e a cultura.<\/font><\/p>\n<div style=\"margin-top: 0px; margin-bottom: 0px;\" class=\"sharethis-inline-share-buttons\" ><\/div>","protected":false},"excerpt":{"rendered":"<p>A participa\u00e7\u00e3o do munic\u00edpio de Salo\u00e1\/PE no FIG &#8211; Festival de Inverno de Garanhuns est\u00e1 se tornando rotina. Os artes\u00e3os saloaenses j\u00e1 completam tr\u00eas participa\u00e7\u00f5es exibindo e comerciando suas pe\u00e7as. Dentre as produ\u00e7\u00f5es \u00e9 poss\u00edvel encontrar jarros de plantas artificiais, panos de prato, pe\u00e7as decorativas feitas em madeira e em barro, dentre outras. Com o [&hellip;]<\/p>\n","protected":false},"author":1,"featured_media":0,"comment_status":"open","ping_status":"open","sticky":false,"template":"","format":"standard","meta":{"footnotes":""},"categories":[2],"tags":[],"class_list":["post-3509","post","type-post","status-publish","format-standard","hentry","category-noticias-do-dia"],"_links":{"self":[{"href":"https:\/\/www.saloanoticias.com\/v1\/wp-json\/wp\/v2\/posts\/3509","targetHints":{"allow":["GET"]}}],"collection":[{"href":"https:\/\/www.saloanoticias.com\/v1\/wp-json\/wp\/v2\/posts"}],"about":[{"href":"https:\/\/www.saloanoticias.com\/v1\/wp-json\/wp\/v2\/types\/post"}],"author":[{"embeddable":true,"href":"https:\/\/www.saloanoticias.com\/v1\/wp-json\/wp\/v2\/users\/1"}],"replies":[{"embeddable":true,"href":"https:\/\/www.saloanoticias.com\/v1\/wp-json\/wp\/v2\/comments?post=3509"}],"version-history":[{"count":0,"href":"https:\/\/www.saloanoticias.com\/v1\/wp-json\/wp\/v2\/posts\/3509\/revisions"}],"wp:attachment":[{"href":"https:\/\/www.saloanoticias.com\/v1\/wp-json\/wp\/v2\/media?parent=3509"}],"wp:term":[{"taxonomy":"category","embeddable":true,"href":"https:\/\/www.saloanoticias.com\/v1\/wp-json\/wp\/v2\/categories?post=3509"},{"taxonomy":"post_tag","embeddable":true,"href":"https:\/\/www.saloanoticias.com\/v1\/wp-json\/wp\/v2\/tags?post=3509"}],"curies":[{"name":"wp","href":"https:\/\/api.w.org\/{rel}","templated":true}]}}