{"id":3508,"date":"2017-07-25T00:34:00","date_gmt":"2017-07-25T00:34:00","guid":{"rendered":"https:\/\/saloanoticias.mrmediaweb.com\/v1\/2017\/07\/25\/secretaria-de-saude-de-saloa-realizou-confrencia-na-ultima-quinta-feira-22\/"},"modified":"2017-07-25T00:34:00","modified_gmt":"2017-07-25T00:34:00","slug":"secretaria-de-saude-de-saloa-realizou-confrencia-na-ultima-quinta-feira-22","status":"publish","type":"post","link":"https:\/\/www.saloanoticias.com\/v1\/secretaria-de-saude-de-saloa-realizou-confrencia-na-ultima-quinta-feira-22\/","title":{"rendered":"SECRETARIA DE SA\u00daDE DE SALO\u00c1 REALIZOU CONFER\u00caNCIA NA \u00daLTIMA QUINTA (22)"},"content":{"rendered":"<p align=\"justify\"><font size=\"3\" face=\"Arial\"><a href=\"http:\/\/www.saloanoticias.com\/images\/thumbnail_segunda-noite_aquilles_220717-3_2604a5c291396a19085c765922b0102e.jpg\"><img loading=\"lazy\" decoding=\"async\" title=\"thumbnail_Segunda Noite_Aquilles_220717 (3)\" style=\"border-top: 0px; border-right: 0px; background-image: none; border-bottom: 0px; float: none; padding-top: 0px; padding-left: 0px; margin: 0px auto 10px; border-left: 0px; display: block; padding-right: 0px\" border=\"0\" alt=\"thumbnail_Segunda Noite_Aquilles_220717 (3)\" src=\"http:\/\/www.saloanoticias.com\/v1\/wp-content\/uploads\/imagens\/thumbnail_segunda-noite_aquilles_220717-3_thumb_af6c38a93fec774a6e4d0fe95b923b52.jpg\" width=\"1493\" height=\"841\"><\/a>Aconteceu na \u00faltima quinta-feira, dia 22 de julho de 2017, a V Confer\u00eancia de Sa\u00fade de Salo\u00e1 com o objetivo de ouvir a sociedade e captar ideias e opini\u00f5es para tornar a sa\u00fade do munic\u00edpio ainda melhor. A confer\u00eancia trata-se de um processo democr\u00e1tico e participativo onde avaliamos a situa\u00e7\u00e3o da Sa\u00fade no Munic\u00edpio, a partir da\u00ed, discutimos propostas para sua melhoria com base nas necessidades da popula\u00e7\u00e3o. <\/font><font size=\"3\" face=\"Arial\">As confer\u00eancias est\u00e3o previstas em lei (Lei 8.142\/90), devem acontecer a cada quatro anos contando com a participa\u00e7\u00e3o de v\u00e1rios segmentos da sociedade. <\/font><\/p>\n<p align=\"justify\"><a href=\"http:\/\/www.saloanoticias.com\/images\/segunda-noite_aquilles_220717-4_06bd7501c2645cd89d34ae31e040055d.jpg\"><img loading=\"lazy\" decoding=\"async\" title=\"Segunda Noite_Aquilles_220717 (4)\" style=\"border-top: 0px; border-right: 0px; background-image: none; border-bottom: 0px; float: none; padding-top: 0px; padding-left: 0px; margin-left: auto; border-left: 0px; display: block; padding-right: 0px; margin-right: auto\" border=\"0\" alt=\"Segunda Noite_Aquilles_220717 (4)\" src=\"http:\/\/www.saloanoticias.com\/v1\/wp-content\/uploads\/imagens\/segunda-noite_aquilles_220717-4_thumb_c5356d2d76fafe3d7743c8498b4cf155.jpg\" width=\"1491\" height=\"840\"><\/a><\/p>\n<p align=\"justify\"><font size=\"3\" face=\"Arial\">Segundo Manuela Torres, Secret\u00e1ria de Sa\u00fade, \u201cCom base nas propostas aprovadas na confer\u00eancia elaboramos no nosso Plano Municipal que ter\u00e1 vig\u00eancia at\u00e9 2021, melhorando a demanda na \u00e1rea e ofertando uma sa\u00fade de qualidade para a popula\u00e7\u00e3o\u201d. <\/font><font size=\"3\" face=\"Arial\">O destaque da confer\u00eancia ficou por conta dos usu\u00e1rios do CAPS, fazendo no local uma mostra artesanal de seus trabalhos realizados, al\u00e9m de uma bel\u00edssima apresenta\u00e7\u00e3o musical emocionando as mais de 130 pessoas presente no evento. A V Confer\u00eancia de Sa\u00fade do Munic\u00edpio de Salo\u00e1 aconteceu nas depend\u00eancias da EREM Monsenhor Jo\u00e3o Marques e reuni\u00e3o dezenas de pessoas dos mais variados seguimentos da sociedade saloaense.<\/font> <\/p>\n<p align=\"justify\"><a href=\"http:\/\/www.saloanoticias.com\/images\/segunda-noite_aquilles_220717-3_be241b8b28b9f55f431d0c2c997661d7.jpg\"><img loading=\"lazy\" decoding=\"async\" title=\"Segunda Noite_Aquilles_220717 (3)\" style=\"border-top: 0px; border-right: 0px; background-image: none; border-bottom: 0px; float: none; padding-top: 0px; padding-left: 0px; margin-left: auto; border-left: 0px; display: block; padding-right: 0px; margin-right: auto\" border=\"0\" alt=\"Segunda Noite_Aquilles_220717 (3)\" src=\"http:\/\/www.saloanoticias.com\/v1\/wp-content\/uploads\/imagens\/segunda-noite_aquilles_220717-3_thumb_d7b642fdfc581b9e6bc80751ec850cdb.jpg\" width=\"1488\" height=\"838\"><\/a>   <\/p>\n<p><a href=\"http:\/\/www.saloanoticias.com\/images\/segunda-noite_aquilles_220717-5_36ae724db782ab06c5931b874b9e999d.jpg\"><img loading=\"lazy\" decoding=\"async\" title=\"Segunda Noite_Aquilles_220717 (5)\" style=\"border-top: 0px; border-right: 0px; background-image: none; border-bottom: 0px; float: none; padding-top: 0px; padding-left: 0px; margin-left: auto; border-left: 0px; display: block; padding-right: 0px; margin-right: auto\" border=\"0\" alt=\"Segunda Noite_Aquilles_220717 (5)\" src=\"http:\/\/www.saloanoticias.com\/v1\/wp-content\/uploads\/imagens\/segunda-noite_aquilles_220717-5_thumb_e6571c41ca840afda81aa66377358467.jpg\" width=\"1491\" height=\"839\"><\/a><\/p>\n<div style=\"margin-top: 0px; margin-bottom: 0px;\" class=\"sharethis-inline-share-buttons\" ><\/div>","protected":false},"excerpt":{"rendered":"<p>Aconteceu na \u00faltima quinta-feira, dia 22 de julho de 2017, a V Confer\u00eancia de Sa\u00fade de Salo\u00e1 com o objetivo de ouvir a sociedade e captar ideias e opini\u00f5es para tornar a sa\u00fade do munic\u00edpio ainda melhor. A confer\u00eancia trata-se de um processo democr\u00e1tico e participativo onde avaliamos a situa\u00e7\u00e3o da Sa\u00fade no Munic\u00edpio, a [&hellip;]<\/p>\n","protected":false},"author":1,"featured_media":0,"comment_status":"open","ping_status":"open","sticky":false,"template":"","format":"standard","meta":{"footnotes":""},"categories":[2],"tags":[],"class_list":["post-3508","post","type-post","status-publish","format-standard","hentry","category-noticias-do-dia"],"_links":{"self":[{"href":"https:\/\/www.saloanoticias.com\/v1\/wp-json\/wp\/v2\/posts\/3508","targetHints":{"allow":["GET"]}}],"collection":[{"href":"https:\/\/www.saloanoticias.com\/v1\/wp-json\/wp\/v2\/posts"}],"about":[{"href":"https:\/\/www.saloanoticias.com\/v1\/wp-json\/wp\/v2\/types\/post"}],"author":[{"embeddable":true,"href":"https:\/\/www.saloanoticias.com\/v1\/wp-json\/wp\/v2\/users\/1"}],"replies":[{"embeddable":true,"href":"https:\/\/www.saloanoticias.com\/v1\/wp-json\/wp\/v2\/comments?post=3508"}],"version-history":[{"count":0,"href":"https:\/\/www.saloanoticias.com\/v1\/wp-json\/wp\/v2\/posts\/3508\/revisions"}],"wp:attachment":[{"href":"https:\/\/www.saloanoticias.com\/v1\/wp-json\/wp\/v2\/media?parent=3508"}],"wp:term":[{"taxonomy":"category","embeddable":true,"href":"https:\/\/www.saloanoticias.com\/v1\/wp-json\/wp\/v2\/categories?post=3508"},{"taxonomy":"post_tag","embeddable":true,"href":"https:\/\/www.saloanoticias.com\/v1\/wp-json\/wp\/v2\/tags?post=3508"}],"curies":[{"name":"wp","href":"https:\/\/api.w.org\/{rel}","templated":true}]}}