{"id":3507,"date":"2017-07-24T15:52:00","date_gmt":"2017-07-24T15:52:00","guid":{"rendered":"https:\/\/saloanoticias.mrmediaweb.com\/v1\/2017\/07\/24\/zeca-pagodinho-faz-grande-apresentacao-na-terceira-noite-do-fig\/"},"modified":"2017-07-24T15:52:00","modified_gmt":"2017-07-24T15:52:00","slug":"zeca-pagodinho-faz-grande-apresentacao-na-terceira-noite-do-fig","status":"publish","type":"post","link":"https:\/\/www.saloanoticias.com\/v1\/zeca-pagodinho-faz-grande-apresentacao-na-terceira-noite-do-fig\/","title":{"rendered":"CANTOR ZECA PAGODINHO FOI A PRINCIPAL ATRA\u00c7\u00c3O DA TERCEIRA NOITE DO FIG"},"content":{"rendered":"<p align=\"justify\"><font size=\"3\" face=\"Arial\"><a href=\"http:\/\/www.saloanoticias.com\/images\/segunda-noite_aquilles_220717-8_c2f9424071424953d83dadd6b406131c.jpg\"><img loading=\"lazy\" decoding=\"async\" title=\"Segunda Noite_Aquilles_220717 (8)\" style=\"border-top: 0px; border-right: 0px; background-image: none; border-bottom: 0px; float: none; padding-top: 0px; padding-left: 0px; margin: 0px auto 10px; border-left: 0px; display: block; padding-right: 0px\" border=\"0\" alt=\"Segunda Noite_Aquilles_220717 (8)\" src=\"http:\/\/www.saloanoticias.com\/v1\/wp-content\/uploads\/imagens\/segunda-noite_aquilles_220717-8_thumb_b348b493ac02f777da071ae4f8c79b59.jpg\" width=\"1502\" height=\"1001\"><\/a>Abrindo a quarta noite do 27\u00ba Festival de Inverno de Garanhuns (FIG), Cafuringa e Banda subiram ao palco Mestre Dominguinhos neste domingo (23). O garanhuense se apresentou pela 15\u00aa vez no festival. Ao som da Jovem Guarda, o cantor animou o p\u00fablico que chegava na pra\u00e7a. Cafuringa interpretou cl\u00e1ssicos da jovem guarda como a m\u00fasica \u201cGatinha Manhosa\u201d, de Erasmo Carlos, e \u201cComo \u00e9 grande o meu amor por voc\u00ea\u201d, interpretada pelo rei Roberto Carlos.<\/font> <\/p>\n<p align=\"justify\"><a href=\"http:\/\/www.saloanoticias.com\/images\/thumbnail_segunda-noite_aquilles_220717-3_9eba113ac0dfc07cc86fc07b43f05a9c.jpg\"><img loading=\"lazy\" decoding=\"async\" title=\"thumbnail_Segunda Noite_Aquilles_220717 (3)\" style=\"border-top: 0px; border-right: 0px; background-image: none; border-bottom: 0px; float: none; padding-top: 0px; padding-left: 0px; margin-left: auto; border-left: 0px; display: block; padding-right: 0px; margin-right: auto\" border=\"0\" alt=\"thumbnail_Segunda Noite_Aquilles_220717 (3)\" src=\"http:\/\/www.saloanoticias.com\/v1\/wp-content\/uploads\/imagens\/thumbnail_segunda-noite_aquilles_220717-3_thumb_7820c8395b4b3fca9db7e36750197a3d.jpg\" width=\"1500\" height=\"1000\"><\/a> <\/p>\n<p align=\"justify\"><font size=\"3\" face=\"Arial\">Al\u00e9m disso, Cafuringa fez uma sequ\u00eancia de m\u00fasicas dedicadas a um dos homenageados do FIG, o cantor Belchior. A nostalgia marcou o show do artista da terra, que se despediu do p\u00fablico com agradecimentos. <\/font><font size=\"3\" face=\"Arial\">A segunda atra\u00e7\u00e3o da noite, as reppers da banda Donas, levaram mensagens de empoderamento e for\u00e7a para as mulheres. Em homenagem ao Nordeste, a dupla misturou o rap com o bai\u00e3o em um som contagiante, que contou com a participa\u00e7\u00e3o da garanhuense Yasmin Amaral, que realizou uma bela apresenta\u00e7\u00e3o de malabares durante o show.<\/font> <\/p>\n<p align=\"justify\"><a href=\"http:\/\/www.saloanoticias.com\/images\/segunda-noite_aquilles_220717-3_7fad1100c467ca13c8f6d75884372ebb.jpg\"><img loading=\"lazy\" decoding=\"async\" title=\"Segunda Noite_Aquilles_220717 (3)\" style=\"border-top: 0px; border-right: 0px; background-image: none; border-bottom: 0px; float: none; padding-top: 0px; padding-left: 0px; margin-left: auto; border-left: 0px; display: block; padding-right: 0px; margin-right: auto\" border=\"0\" alt=\"Segunda Noite_Aquilles_220717 (3)\" src=\"http:\/\/www.saloanoticias.com\/v1\/wp-content\/uploads\/imagens\/segunda-noite_aquilles_220717-3_thumb_a71cad29b68392ccfb7ae08e4ba4c883.jpg\" width=\"1499\" height=\"1000\"><\/a> <\/p>\n<p align=\"justify\"><font size=\"3\" face=\"Arial\">Poesia, rima e empoderamento marcaram o show da Donas. Em seguida foi a vez o m\u00fasico Z\u00e9 Brown, nome art\u00edstico de Jos\u00e9 Edson da Silva que tamb\u00e9m \u00e9 compositor, rapper, embolador e arte-educador. O artista agitou o p\u00fablico ao som de muito hip hop. <\/font><font size=\"3\" face=\"Arial\">Pen\u00faltima atra\u00e7\u00e3o da noite, a banda baiana IF\u00c1 apresentou um repert\u00f3rio inspirado na diversidade musical de matriz africana e \u00e9 reconhecido como o grupo de afrobeat da Bahia. O IF\u00c1 realizou sua apresenta\u00e7\u00e3o com m\u00fasicas em formato instrumental.<\/font> <\/p>\n<p align=\"justify\"><a href=\"http:\/\/www.saloanoticias.com\/images\/segunda-noite_aquilles_220717-4_73a2b4be7451d691dcbd063ed3f5244f.jpg\"><img loading=\"lazy\" decoding=\"async\" title=\"Segunda Noite_Aquilles_220717 (4)\" style=\"border-top: 0px; border-right: 0px; background-image: none; border-bottom: 0px; float: none; padding-top: 0px; padding-left: 0px; margin-left: auto; border-left: 0px; display: block; padding-right: 0px; margin-right: auto\" border=\"0\" alt=\"Segunda Noite_Aquilles_220717 (4)\" src=\"http:\/\/www.saloanoticias.com\/v1\/wp-content\/uploads\/imagens\/segunda-noite_aquilles_220717-4_thumb_0d12084a4219802ed7ac07ec8e32a6ee.jpg\" width=\"1497\" height=\"997\"><\/a> <\/p>\n<p align=\"justify\"><font size=\"3\" face=\"Arial\">Encerrando a quarta noite do Festival de Inverno de Garanhuns 2017, o cantor Zeca Pagodinho trouxe o samba para animar o p\u00fablico presente na Pra\u00e7a Mestre Dominguinhos. Em sua apresenta\u00e7\u00e3o, o cantor interpretou os sambas cl\u00e1ssicos da sua carreira. Zeca \u00e9 um dos mais respeitados sambistas do Brasil. <\/font><font size=\"2\" face=\"Arial\"><strong>Fotos: Nichole de Andrade &#8211; Secom PMG<\/strong><\/font> <\/p>\n<p align=\"justify\"><a href=\"http:\/\/www.saloanoticias.com\/images\/20232352_1919503871644145_1519692794391482128_o_f2dc89d6f7fd5073556760e09679d66e.jpg\"><img loading=\"lazy\" decoding=\"async\" title=\"20232352_1919503871644145_1519692794391482128_o\" style=\"border-top: 0px; border-right: 0px; background-image: none; border-bottom: 0px; float: none; padding-top: 0px; padding-left: 0px; margin-left: auto; border-left: 0px; display: block; padding-right: 0px; margin-right: auto\" border=\"0\" alt=\"20232352_1919503871644145_1519692794391482128_o\" src=\"http:\/\/www.saloanoticias.com\/v1\/wp-content\/uploads\/imagens\/20232352_1919503871644145_1519692794391482128_o_thumb_71cac4433da8678a8d82e6269dbab6e9.jpg\" width=\"1504\" height=\"1004\"><\/a><\/p>\n<div style=\"margin-top: 0px; margin-bottom: 0px;\" class=\"sharethis-inline-share-buttons\" ><\/div>","protected":false},"excerpt":{"rendered":"<p>Abrindo a quarta noite do 27\u00ba Festival de Inverno de Garanhuns (FIG), Cafuringa e Banda subiram ao palco Mestre Dominguinhos neste domingo (23). O garanhuense se apresentou pela 15\u00aa vez no festival. Ao som da Jovem Guarda, o cantor animou o p\u00fablico que chegava na pra\u00e7a. Cafuringa interpretou cl\u00e1ssicos da jovem guarda como a m\u00fasica [&hellip;]<\/p>\n","protected":false},"author":1,"featured_media":0,"comment_status":"open","ping_status":"open","sticky":false,"template":"","format":"standard","meta":{"footnotes":""},"categories":[2],"tags":[],"class_list":["post-3507","post","type-post","status-publish","format-standard","hentry","category-noticias-do-dia"],"_links":{"self":[{"href":"https:\/\/www.saloanoticias.com\/v1\/wp-json\/wp\/v2\/posts\/3507","targetHints":{"allow":["GET"]}}],"collection":[{"href":"https:\/\/www.saloanoticias.com\/v1\/wp-json\/wp\/v2\/posts"}],"about":[{"href":"https:\/\/www.saloanoticias.com\/v1\/wp-json\/wp\/v2\/types\/post"}],"author":[{"embeddable":true,"href":"https:\/\/www.saloanoticias.com\/v1\/wp-json\/wp\/v2\/users\/1"}],"replies":[{"embeddable":true,"href":"https:\/\/www.saloanoticias.com\/v1\/wp-json\/wp\/v2\/comments?post=3507"}],"version-history":[{"count":0,"href":"https:\/\/www.saloanoticias.com\/v1\/wp-json\/wp\/v2\/posts\/3507\/revisions"}],"wp:attachment":[{"href":"https:\/\/www.saloanoticias.com\/v1\/wp-json\/wp\/v2\/media?parent=3507"}],"wp:term":[{"taxonomy":"category","embeddable":true,"href":"https:\/\/www.saloanoticias.com\/v1\/wp-json\/wp\/v2\/categories?post=3507"},{"taxonomy":"post_tag","embeddable":true,"href":"https:\/\/www.saloanoticias.com\/v1\/wp-json\/wp\/v2\/tags?post=3507"}],"curies":[{"name":"wp","href":"https:\/\/api.w.org\/{rel}","templated":true}]}}