{"id":3506,"date":"2017-07-24T12:12:00","date_gmt":"2017-07-24T12:12:00","guid":{"rendered":"https:\/\/saloanoticias.mrmediaweb.com\/v1\/2017\/07\/24\/secretarias-da-mulher-e-de-saude-reforcam-rede-de-protecao-as-pessoas-em-situacao-de-violencia-domestica\/"},"modified":"2017-07-24T12:12:00","modified_gmt":"2017-07-24T12:12:00","slug":"secretarias-da-mulher-e-de-saude-reforcam-rede-de-protecao-as-pessoas-em-situacao-de-violencia-domestica","status":"publish","type":"post","link":"https:\/\/www.saloanoticias.com\/v1\/secretarias-da-mulher-e-de-saude-reforcam-rede-de-protecao-as-pessoas-em-situacao-de-violencia-domestica\/","title":{"rendered":"SECRETARIAS DA MULHER E DE SA\u00daDE DE SALO\u00c1 REFOR\u00c7AM REDE DE PROTE\u00c7\u00c3O \u00c0S PESSOAS EM SITUA\u00c7\u00d5ES DE VIOL\u00caNCIA DOM\u00c9STICA NO MUNIC\u00cdPIO"},"content":{"rendered":"<p align=\"justify\"><font size=\"3\" face=\"Arial\"><a href=\"http:\/\/www.saloanoticias.com\/images\/segunda-noite_aquilles_220717-3_714756743ed03cf4db8c27c1c9dc5517.jpg\"><img loading=\"lazy\" decoding=\"async\" title=\"Segunda Noite_Aquilles_220717 (3)\" style=\"border-top: 0px; border-right: 0px; background-image: none; border-bottom: 0px; float: none; padding-top: 0px; padding-left: 0px; margin: 0px auto 10px; border-left: 0px; display: block; padding-right: 0px\" border=\"0\" alt=\"Segunda Noite_Aquilles_220717 (3)\" src=\"http:\/\/www.saloanoticias.com\/v1\/wp-content\/uploads\/imagens\/segunda-noite_aquilles_220717-3_thumb_5169f54283ca0249605318c28882b6e0.jpg\" width=\"1505\" height=\"1129\"><\/a>Em Salo\u00e1, Enfermeiros, ACs, servidores do CAPS, da Aten\u00e7\u00e3o B\u00e1sica, CREAS e Coordenadoria da Mulher reuniram-se para fortalecer a Rede de Prote\u00e7\u00e3o a Pessoa em Situa\u00e7\u00e3o de Viol\u00eancia. <\/font><font size=\"3\" face=\"Arial\">Com o objetivo de disseminar as notifica\u00e7\u00f5es e os encaminhamentos das v\u00edtimas de viol\u00eancia, os Secret\u00e1rios de Assist\u00eancia Social e da Secretaria de Sa\u00fade, enfatizaram que atrav\u00e9s das notifica\u00e7\u00f5es feitas pelos profissionais haver\u00e1 fortalecimento nas a\u00e7\u00f5es de enfrentamento e combate a viol\u00eancia.<\/font><\/p>\n<p align=\"justify\"><a href=\"http:\/\/www.saloanoticias.com\/images\/segunda-noite_aquilles_220717-4_f45942937824319ce38bba6e0ca776d9.jpg\"><img loading=\"lazy\" decoding=\"async\" title=\"Segunda Noite_Aquilles_220717 (4)\" style=\"border-top: 0px; border-right: 0px; background-image: none; border-bottom: 0px; float: none; padding-top: 0px; padding-left: 0px; margin-left: auto; border-left: 0px; display: block; padding-right: 0px; margin-right: auto\" border=\"0\" alt=\"Segunda Noite_Aquilles_220717 (4)\" src=\"http:\/\/www.saloanoticias.com\/v1\/wp-content\/uploads\/imagens\/segunda-noite_aquilles_220717-4_thumb_8c0d6ae0ce66240936fd999be341d5c1.jpg\" width=\"1509\" height=\"1132\"><\/a><\/p>\n<p align=\"justify\"><font size=\"3\" face=\"Arial\">Muitas fam\u00edlias atrav\u00e9s da divulga\u00e7\u00e3o dos trabalhos desenvolvidos pela institui\u00e7\u00f5es que integram este grupo no munic\u00edpio tendem a ser protegidas. <\/font><font size=\"3\" face=\"Arial\">A REDE de Prote\u00e7\u00e3o da Assist\u00eancia Social atrav\u00e9s do CREAS e Coordenadoria da Mulher dar\u00e1 continuidade as a\u00e7\u00f5es de capacita\u00e7\u00f5es com os demais setores do munic\u00edpio. <\/font><font size=\"3\" face=\"Arial\">Segundo Milene que \u00e9 Coordenadora do CREAS, \u201cN\u00e3o podemos esquecer que essas pr\u00e1ticas de viol\u00eancia deixam marcas profundas nas v\u00edtimas, nas suas fam\u00edlias e na sociedade. Todos precisam estar envolvidos com essa quest\u00e3o\u201d, disse. No munic\u00edpio, infelizmente os casos envolvendo viol\u00eancia dom\u00e9stica ainda \u00e9 recorrente.<\/font><\/p>\n<div style=\"margin-top: 0px; margin-bottom: 0px;\" class=\"sharethis-inline-share-buttons\" ><\/div>","protected":false},"excerpt":{"rendered":"<p>Em Salo\u00e1, Enfermeiros, ACs, servidores do CAPS, da Aten\u00e7\u00e3o B\u00e1sica, CREAS e Coordenadoria da Mulher reuniram-se para fortalecer a Rede de Prote\u00e7\u00e3o a Pessoa em Situa\u00e7\u00e3o de Viol\u00eancia. Com o objetivo de disseminar as notifica\u00e7\u00f5es e os encaminhamentos das v\u00edtimas de viol\u00eancia, os Secret\u00e1rios de Assist\u00eancia Social e da Secretaria de Sa\u00fade, enfatizaram que atrav\u00e9s [&hellip;]<\/p>\n","protected":false},"author":1,"featured_media":0,"comment_status":"open","ping_status":"open","sticky":false,"template":"","format":"standard","meta":{"footnotes":""},"categories":[2],"tags":[],"class_list":["post-3506","post","type-post","status-publish","format-standard","hentry","category-noticias-do-dia"],"_links":{"self":[{"href":"https:\/\/www.saloanoticias.com\/v1\/wp-json\/wp\/v2\/posts\/3506","targetHints":{"allow":["GET"]}}],"collection":[{"href":"https:\/\/www.saloanoticias.com\/v1\/wp-json\/wp\/v2\/posts"}],"about":[{"href":"https:\/\/www.saloanoticias.com\/v1\/wp-json\/wp\/v2\/types\/post"}],"author":[{"embeddable":true,"href":"https:\/\/www.saloanoticias.com\/v1\/wp-json\/wp\/v2\/users\/1"}],"replies":[{"embeddable":true,"href":"https:\/\/www.saloanoticias.com\/v1\/wp-json\/wp\/v2\/comments?post=3506"}],"version-history":[{"count":0,"href":"https:\/\/www.saloanoticias.com\/v1\/wp-json\/wp\/v2\/posts\/3506\/revisions"}],"wp:attachment":[{"href":"https:\/\/www.saloanoticias.com\/v1\/wp-json\/wp\/v2\/media?parent=3506"}],"wp:term":[{"taxonomy":"category","embeddable":true,"href":"https:\/\/www.saloanoticias.com\/v1\/wp-json\/wp\/v2\/categories?post=3506"},{"taxonomy":"post_tag","embeddable":true,"href":"https:\/\/www.saloanoticias.com\/v1\/wp-json\/wp\/v2\/tags?post=3506"}],"curies":[{"name":"wp","href":"https:\/\/api.w.org\/{rel}","templated":true}]}}