{"id":3505,"date":"2017-07-23T22:00:00","date_gmt":"2017-07-23T22:00:00","guid":{"rendered":"https:\/\/saloanoticias.mrmediaweb.com\/v1\/2017\/07\/23\/v-link-agora-oferece-internet-por-fibra-otica\/"},"modified":"2017-07-23T22:00:00","modified_gmt":"2017-07-23T22:00:00","slug":"v-link-agora-oferece-internet-por-fibra-otica","status":"publish","type":"post","link":"https:\/\/www.saloanoticias.com\/v1\/v-link-agora-oferece-internet-por-fibra-otica\/","title":{"rendered":"PROVEDOR \u201cV LINK\u201d AGORA OFERECE MAIS INTERNET COM QUALIDADE DE FIBRA \u00d3TICA"},"content":{"rendered":"<p align=\"justify\"><font size=\"3\" face=\"Arial\"><a href=\"http:\/\/www.saloanoticias.com\/images\/20232352_1919503871644145_1519692794391482128_o.jpg\"><img loading=\"lazy\" decoding=\"async\" title=\"20232352_1919503871644145_1519692794391482128_o\" style=\"border-top: 0px; border-right: 0px; background-image: none; border-bottom: 0px; float: none; padding-top: 0px; padding-left: 0px; margin: 0px auto 10px; border-left: 0px; display: block; padding-right: 0px\" border=\"0\" alt=\"20232352_1919503871644145_1519692794391482128_o\" src=\"http:\/\/www.saloanoticias.com\/v1\/wp-content\/uploads\/imagens\/20232352_1919503871644145_1519692794391482128_o_thumb.jpg\" width=\"1524\" height=\"858\"><\/a>Comunicado importante: <\/font><font size=\"3\" face=\"Arial\">A Vlink, um dos maiores Provedores de internet de toda a regi\u00e3o, informa a toda a popula\u00e7\u00e3o de Salo\u00e1 que atrav\u00e9s de um grande investimento conseguiu conectar nossa cidade a internet atrav\u00e9s de fibra \u00f3tica diretamente de Recife para Salo\u00e1, trazendo assim muito mais velocidade e estabilidade que s\u00e3o oferecidos apenas nos grandes centros metropolitanos. E para comemorar este grande avan\u00e7o, preparamos uma mega promo\u00e7\u00e3o para toda a cidade. <\/font><font size=\"3\" face=\"Arial\">Confira agora nossos novos planos para Salo\u00e1:<\/font> <\/p>\n<p align=\"center\"><font size=\"4\" face=\"Arial\">Plano de 4 megas 54,90<\/font><\/p>\n<p align=\"center\"><font size=\"4\" face=\"Arial\">6 megas 69,90<\/font><\/p>\n<p align=\"center\"><font size=\"4\" face=\"Arial\">10 megas 99,90<\/font><\/p>\n<p align=\"center\"><font size=\"4\" face=\"Arial\">15 megas 119,90<\/font><\/p>\n<p align=\"center\"><font size=\"4\" face=\"Arial\">20 megas 149,90<\/font><\/p>\n<p align=\"center\"><font size=\"4\" face=\"Arial\">E tamb\u00e9m um plano econ\u00f4mico de 1mb por apenas R$ 39,90<\/font><\/p>\n<p align=\"justify\"><font size=\"3\" face=\"Arial\">E n\u00e3o para por a\u00ed!!! A instala\u00e7\u00e3o e o roteador s\u00e3o totalmente gr\u00e1tis para todos os planos. <\/font><font size=\"3\" face=\"Arial\">e voc\u00ea pensa que acabou !!! A primeira mensalidade voc\u00ea vai pagar apenas R$9,90. <\/font><font size=\"3\" face=\"Arial\">E Aten\u00e7\u00e3o ! Voc\u00ea que j\u00e1 \u00e9 cliente V-LINK tamb\u00e9m ser\u00e1 beneficiado. Come\u00e7ando por um super aumento nas velocidades a partir do dia 27 de julho, confira:<\/font><\/p>\n<p align=\"center\"><font size=\"4\" face=\"Arial\">Clientes de 2 megas ter\u00e3o sua velocidade aumentada para 4 megas<\/font><\/p>\n<p align=\"center\"><font size=\"4\" face=\"Arial\">Clientes de 3 e 4 megas ter\u00e3o sua velocidade aumentada para 6 megas<\/font> <\/p>\n<p align=\"center\"><font size=\"4\" face=\"Arial\">e Clientes de 5 megas ter\u00e3o sua velocidade aumentada para 10 megas.<\/font> <\/p>\n<p align=\"justify\"><font size=\"3\" face=\"Arial\">Informa\u00e7\u00f5es e pedidos ligue: (87) <\/font><font size=\"3\" face=\"Arial\">9.8100.7014 ou visite nosso escrit\u00f3rio na Rua XV de Novembro n.\u00ba 02, no Centro da cidade. <\/font><font size=\"3\" face=\"Arial\">V-Link, conectando voc\u00ea ao mundo !<\/font><\/p>\n<div style=\"margin-top: 0px; margin-bottom: 0px;\" class=\"sharethis-inline-share-buttons\" ><\/div>","protected":false},"excerpt":{"rendered":"<p>Comunicado importante: A Vlink, um dos maiores Provedores de internet de toda a regi\u00e3o, informa a toda a popula\u00e7\u00e3o de Salo\u00e1 que atrav\u00e9s de um grande investimento conseguiu conectar nossa cidade a internet atrav\u00e9s de fibra \u00f3tica diretamente de Recife para Salo\u00e1, trazendo assim muito mais velocidade e estabilidade que s\u00e3o oferecidos apenas nos grandes [&hellip;]<\/p>\n","protected":false},"author":1,"featured_media":0,"comment_status":"open","ping_status":"open","sticky":false,"template":"","format":"standard","meta":{"footnotes":""},"categories":[2],"tags":[],"class_list":["post-3505","post","type-post","status-publish","format-standard","hentry","category-noticias-do-dia"],"_links":{"self":[{"href":"https:\/\/www.saloanoticias.com\/v1\/wp-json\/wp\/v2\/posts\/3505","targetHints":{"allow":["GET"]}}],"collection":[{"href":"https:\/\/www.saloanoticias.com\/v1\/wp-json\/wp\/v2\/posts"}],"about":[{"href":"https:\/\/www.saloanoticias.com\/v1\/wp-json\/wp\/v2\/types\/post"}],"author":[{"embeddable":true,"href":"https:\/\/www.saloanoticias.com\/v1\/wp-json\/wp\/v2\/users\/1"}],"replies":[{"embeddable":true,"href":"https:\/\/www.saloanoticias.com\/v1\/wp-json\/wp\/v2\/comments?post=3505"}],"version-history":[{"count":0,"href":"https:\/\/www.saloanoticias.com\/v1\/wp-json\/wp\/v2\/posts\/3505\/revisions"}],"wp:attachment":[{"href":"https:\/\/www.saloanoticias.com\/v1\/wp-json\/wp\/v2\/media?parent=3505"}],"wp:term":[{"taxonomy":"category","embeddable":true,"href":"https:\/\/www.saloanoticias.com\/v1\/wp-json\/wp\/v2\/categories?post=3505"},{"taxonomy":"post_tag","embeddable":true,"href":"https:\/\/www.saloanoticias.com\/v1\/wp-json\/wp\/v2\/tags?post=3505"}],"curies":[{"name":"wp","href":"https:\/\/api.w.org\/{rel}","templated":true}]}}