{"id":3504,"date":"2017-07-23T20:14:00","date_gmt":"2017-07-23T20:14:00","guid":{"rendered":"https:\/\/saloanoticias.mrmediaweb.com\/v1\/2017\/07\/23\/baby-do-brasil-foi-a-principal-atracao-do-fig-no-sabado-22\/"},"modified":"2017-07-23T20:14:00","modified_gmt":"2017-07-23T20:14:00","slug":"baby-do-brasil-foi-a-principal-atracao-do-fig-no-sabado-22","status":"publish","type":"post","link":"https:\/\/www.saloanoticias.com\/v1\/baby-do-brasil-foi-a-principal-atracao-do-fig-no-sabado-22\/","title":{"rendered":"BABY DO BRASIL FOI A PRINCIPAL ATRA\u00c7\u00c3O DO FIG DESTE S\u00c1BADO (22)"},"content":{"rendered":"<p align=\"justify\"><font size=\"3\" face=\"Arial\"><a href=\"http:\/\/www.saloanoticias.com\/images\/thumbnail_segunda-noite_aquilles_220717-3.jpg\"><img loading=\"lazy\" decoding=\"async\" title=\"thumbnail_Segunda Noite_Aquilles_220717 (3)\" style=\"border-top: 0px; border-right: 0px; background-image: none; border-bottom: 0px; float: none; padding-top: 0px; padding-left: 0px; margin: 0px auto 10px; border-left: 0px; display: block; padding-right: 0px\" border=\"0\" alt=\"thumbnail_Segunda Noite_Aquilles_220717 (3)\" src=\"http:\/\/www.saloanoticias.com\/v1\/wp-content\/uploads\/imagens\/thumbnail_segunda-noite_aquilles_220717-3_thumb.jpg\" width=\"1504\" height=\"1128\"><\/a>Em mais uma noite de grande p\u00fablico, diversos artistas subiram ao palco principal do 27\u00b0 Festival de Inverno, na Pra\u00e7a Mestre Dominguinhos. Neste s\u00e1bado (22), segundo dia de programa\u00e7\u00e3o, 30 mil pessoas lotaram o espa\u00e7o, de acordo com a Pol\u00edcia Militar. Dando in\u00edcio \u00e0s apresenta\u00e7\u00f5es a banda Rog\u00e9rio e os Cabra, que tem \u00e0 frente o vocalista e idealizador Rog\u00e9rio Diniz, foi a primeira atra\u00e7\u00e3o da noite. Em sua primeira m\u00fasica, o grupo j\u00e1 evidenciou a ess\u00eancia que h\u00e1 muito tempo faz parte de suas composi\u00e7\u00f5es: a mistura de ritmos nordestinos, sempre em busca da preserva\u00e7\u00e3o da cultura local.<\/font><\/p>\n<p align=\"justify\"><a href=\"http:\/\/www.saloanoticias.com\/images\/segunda-noite_aquilles_220717-4.jpg\"><img loading=\"lazy\" decoding=\"async\" title=\"Segunda Noite_Aquilles_220717 (4)\" style=\"border-top: 0px; border-right: 0px; background-image: none; border-bottom: 0px; float: none; padding-top: 0px; padding-left: 0px; margin-left: auto; border-left: 0px; display: block; padding-right: 0px; margin-right: auto\" border=\"0\" alt=\"Segunda Noite_Aquilles_220717 (4)\" src=\"http:\/\/www.saloanoticias.com\/v1\/wp-content\/uploads\/imagens\/segunda-noite_aquilles_220717-4_thumb.jpg\" width=\"1495\" height=\"998\"><\/a><\/p>\n<p align=\"justify\"><font size=\"3\" face=\"Arial\">Esta \u00e9 a d\u00e9cima vez que o grupo se apresenta durante o FIG. No repert\u00f3rio, elementos do rock estavam presentes, como na m\u00fasica &#8220;Canga\u00e7o&#8221;. O vocalista Rog\u00e9rio Diniz comentou a participa\u00e7\u00e3o na noite. &#8220;Nada \u00e9 mais gratificante do que voc\u00ea ser reconhecido, principalmente pela sua cidade. Temos um p\u00fablico fiel e ainda queremos mostrar nosso som para outras pessoas que v\u00eam de fora&#8221;, declarou. <\/font><font size=\"3\" face=\"Arial\">O segundo show foi de Maciel Sal\u00fa, o cantor e compositor, que \u00e9 filho do Mestre Salustiano. Ele cresceu em contato com as ra\u00edzes da cultura pernambucana, como a ciranda e o maracatu.<\/font> <\/p>\n<p align=\"justify\"><a href=\"http:\/\/www.saloanoticias.com\/images\/segunda-noite_aquilles_220717-5.jpg\"><img loading=\"lazy\" decoding=\"async\" title=\"Segunda Noite_Aquilles_220717 (5)\" style=\"border-top: 0px; border-right: 0px; background-image: none; border-bottom: 0px; float: none; padding-top: 0px; padding-left: 0px; margin-left: auto; border-left: 0px; display: block; padding-right: 0px; margin-right: auto\" border=\"0\" alt=\"Segunda Noite_Aquilles_220717 (5)\" src=\"http:\/\/www.saloanoticias.com\/v1\/wp-content\/uploads\/imagens\/segunda-noite_aquilles_220717-5_thumb.jpg\" width=\"1495\" height=\"996\"><\/a> <\/p>\n<p align=\"justify\"><font size=\"3\" face=\"Arial\">O artista j\u00e1 passou por outros polos do FIG em edi\u00e7\u00f5es anteriores e, nesta oportunidade, apresentou-se com seu tradicional forr\u00f3 de rabeca. Em seu repert\u00f3rio, o olindense incluiu uma vers\u00e3o &#8220;A Morte do Vaqueiro&#8221;, can\u00e7\u00e3o imortalizada na voz de Luiz Gonzaga. <\/font><font size=\"3\" face=\"Arial\">Os garanhuenses Paula Ferro e Calhiandro Mendes trouxeram o filho Ayrton para curtir o seu primeiro Festival de Inverno e elogiaram a programa\u00e7\u00e3o do evento. &#8220;Ele gosta bastante de pular e dan\u00e7ar e na noite de hoje est\u00e1 aproveitando. O FIG \u00e9 a \u00fanica festa cultural que a gente vem, porque sempre tem uma boa programa\u00e7\u00e3o que agrada a todos&#8221;, afirmou Paula.<\/font> <\/p>\n<p align=\"justify\"><a href=\"http:\/\/www.saloanoticias.com\/images\/segunda-noite_aquilles_220717-8.jpg\"><img loading=\"lazy\" decoding=\"async\" title=\"Segunda Noite_Aquilles_220717 (8)\" style=\"border-top: 0px; border-right: 0px; background-image: none; border-bottom: 0px; float: none; padding-top: 0px; padding-left: 0px; margin-left: auto; border-left: 0px; display: block; padding-right: 0px; margin-right: auto\" border=\"0\" alt=\"Segunda Noite_Aquilles_220717 (8)\" src=\"http:\/\/www.saloanoticias.com\/v1\/wp-content\/uploads\/imagens\/segunda-noite_aquilles_220717-8_thumb.jpg\" width=\"1499\" height=\"1000\"><\/a> <\/p>\n<p align=\"justify\"><font size=\"3\" face=\"Arial\">O terceiro show da noite foi o projeto &#8220;Cantos Rurais&#8221;, formado pelo m\u00fasico e poeta Adiel Luna em conjunto com o Mestre Bule Bule. A iniciativa que busca unir os sons de Pernambuco e Bahia tem como marca a diversidade de elementos do samba de roda, repente e do coco e da cantoria de viola. A chuva j\u00e1 ca\u00eda quando, logo em seguida, subiu ao palco a cantora Alice Caymmi, neta do compositor soteropolitano, Dorival Caymmi. No show, m\u00fasicas do seu segundo disco, intitulado Rainha dos Raios, al\u00e9m do lan\u00e7amento &#8220;Louca&#8221;.<\/font> <\/p>\n<p align=\"justify\"><a href=\"http:\/\/www.saloanoticias.com\/images\/segunda-noite_aquilles_220717-3.jpg\"><img loading=\"lazy\" decoding=\"async\" title=\"Segunda Noite_Aquilles_220717 (3)\" style=\"border-top: 0px; border-right: 0px; background-image: none; border-bottom: 0px; float: none; padding-top: 0px; padding-left: 0px; margin-left: auto; border-left: 0px; display: block; padding-right: 0px; margin-right: auto\" border=\"0\" alt=\"Segunda Noite_Aquilles_220717 (3)\" src=\"http:\/\/www.saloanoticias.com\/v1\/wp-content\/uploads\/imagens\/segunda-noite_aquilles_220717-3_thumb.jpg\" width=\"1492\" height=\"996\"><\/a> <\/p>\n<p align=\"justify\"><font size=\"3\" face=\"Arial\">Toda a expectativa era pela apresenta\u00e7\u00e3o da cantora e compositora Baby do Brasil. A carioca iniciou sua carreira no grupo musical Novos Baianos, onde conheceu os integrantes Morais Moreira e Pepeu Gomes, com quem foi casada. Com o grupo, lan\u00e7ou o disco &#8220;Acabou Chorare&#8221;. Agora em carreira solo, Baby conta com a participa\u00e7\u00e3o do baterista Jorginho Gomes, da \u00e9poca dos Novos Baianos, e&nbsp; reproduz os seus grandes sucessos como &#8220;A Menina Dan\u00e7a&#8221; e &#8220;Menino do Rio&#8221;, composta por Caetano Veloso. <\/font><i><font size=\"2\" face=\"Arial\"><strong>Fotos: Aquilles Soares &#8211; Secom\/PMG<\/strong><\/font><\/i><\/p>\n<div style=\"margin-top: 0px; margin-bottom: 0px;\" class=\"sharethis-inline-share-buttons\" ><\/div>","protected":false},"excerpt":{"rendered":"<p>Em mais uma noite de grande p\u00fablico, diversos artistas subiram ao palco principal do 27\u00b0 Festival de Inverno, na Pra\u00e7a Mestre Dominguinhos. Neste s\u00e1bado (22), segundo dia de programa\u00e7\u00e3o, 30 mil pessoas lotaram o espa\u00e7o, de acordo com a Pol\u00edcia Militar. Dando in\u00edcio \u00e0s apresenta\u00e7\u00f5es a banda Rog\u00e9rio e os Cabra, que tem \u00e0 frente [&hellip;]<\/p>\n","protected":false},"author":1,"featured_media":0,"comment_status":"open","ping_status":"open","sticky":false,"template":"","format":"standard","meta":{"footnotes":""},"categories":[2],"tags":[],"class_list":["post-3504","post","type-post","status-publish","format-standard","hentry","category-noticias-do-dia"],"_links":{"self":[{"href":"https:\/\/www.saloanoticias.com\/v1\/wp-json\/wp\/v2\/posts\/3504","targetHints":{"allow":["GET"]}}],"collection":[{"href":"https:\/\/www.saloanoticias.com\/v1\/wp-json\/wp\/v2\/posts"}],"about":[{"href":"https:\/\/www.saloanoticias.com\/v1\/wp-json\/wp\/v2\/types\/post"}],"author":[{"embeddable":true,"href":"https:\/\/www.saloanoticias.com\/v1\/wp-json\/wp\/v2\/users\/1"}],"replies":[{"embeddable":true,"href":"https:\/\/www.saloanoticias.com\/v1\/wp-json\/wp\/v2\/comments?post=3504"}],"version-history":[{"count":0,"href":"https:\/\/www.saloanoticias.com\/v1\/wp-json\/wp\/v2\/posts\/3504\/revisions"}],"wp:attachment":[{"href":"https:\/\/www.saloanoticias.com\/v1\/wp-json\/wp\/v2\/media?parent=3504"}],"wp:term":[{"taxonomy":"category","embeddable":true,"href":"https:\/\/www.saloanoticias.com\/v1\/wp-json\/wp\/v2\/categories?post=3504"},{"taxonomy":"post_tag","embeddable":true,"href":"https:\/\/www.saloanoticias.com\/v1\/wp-json\/wp\/v2\/tags?post=3504"}],"curies":[{"name":"wp","href":"https:\/\/api.w.org\/{rel}","templated":true}]}}