{"id":3502,"date":"2017-07-30T19:00:00","date_gmt":"2017-07-30T19:00:00","guid":{"rendered":"https:\/\/saloanoticias.mrmediaweb.com\/v1\/2017\/07\/30\/vereador-ronaldinho-pede-inclusao-de-saloa-na-rota-da-fe\/"},"modified":"2017-07-30T19:00:00","modified_gmt":"2017-07-30T19:00:00","slug":"vereador-ronaldinho-pede-inclusao-de-saloa-na-rota-da-fe","status":"publish","type":"post","link":"https:\/\/www.saloanoticias.com\/v1\/vereador-ronaldinho-pede-inclusao-de-saloa-na-rota-da-fe\/","title":{"rendered":"VEREADOR RONALDINHO PEDE A INCLUS\u00c3O DE SALO\u00c1 NA \u201cROTA DA F\u00c9\u201d"},"content":{"rendered":"<p align=\"justify\"><font size=\"3\" face=\"Arial\"><a href=\"http:\/\/www.saloanoticias.com\/images\/dsc_9761_8605d22be9a4b166d362cb2365d7c47e.jpg\"><img loading=\"lazy\" decoding=\"async\" title=\"DSC_9761\" style=\"border-left-width: 0px; border-right-width: 0px; background-image: none; border-bottom-width: 0px; float: left; padding-top: 0px; padding-left: 0px; margin: 5px 5px 0px 0px; display: inline; padding-right: 0px; border-top-width: 0px\" border=\"0\" alt=\"DSC_9761\" src=\"http:\/\/www.saloanoticias.com\/v1\/wp-content\/uploads\/imagens\/dsc_9761_thumb_281ee954898807471dd447fc23f5f7b8.jpg\" width=\"379\" align=\"left\" height=\"251\"><\/a>O vereador e presidente da C\u00e2mara Municipal, Ronaldinho Birunda (PSB), requereu ao governo do Estado de Pernambuco, atrav\u00e9s da Secretaria de Turismo, que o munic\u00edpio de Salo\u00e1 seja inclu\u00eddo no programa \u201cRota da F\u00e9\u201d, programa de d\u00e1 incentivo aos munic\u00edpios que possuem uma forte cultura religiosa, por entender que o munic\u00edpio se enquadra nas exig\u00eancias do governo para essa finalidade, j\u00e1 que a cultura predomina e possui um grande acervo cultural e religioso. Segundo Ronaldinho, com a inclus\u00e3o, Salo\u00e1 passar\u00e1 a ter mais incentivo cultural e poder\u00e1 receber investimentos e assim, alavancar as receitas com o turismo.<\/font><\/p>\n<p align=\"justify\"><font size=\"3\" face=\"Arial\">O parlamentar listou alguns pontos tur\u00edsticos que podem ser explorados pelos visitantes que caminham l\u00e9guas para apreciar a cultura religiosa, como por exemplo, as igrejas centen\u00e1rias do povoado Serrinha da Prata, incluindo o Mont\u2019Serrat que j\u00e1 est\u00e1 recebendo centenas de turistas vindos de v\u00e1rias partes de Estado, a igreja do Sagrado Cora\u00e7\u00e3o de Jesus da Prata, Igreja do povoado S\u00e3o Serafim, capela do Gigante e tamb\u00e9m a Igreja Matriz de S\u00e3o Vicente de Paulo, sem falar dos in\u00fameros templos evang\u00e9licos na cidade, alguns deles com mais de 70 anos, como \u00e9 o caso das igrejas Presbiteriana, Pentecostal e Assembleia de Deus.<a href=\"http:\/\/www.saloanoticias.com\/images\/15202503_1229862347079281_7186850334730632402_n_2c546258112a900a5edc4640ebf68bc5.jpg\"><img loading=\"lazy\" decoding=\"async\" title=\"15202503_1229862347079281_7186850334730632402_n\" style=\"border-top: 0px; border-right: 0px; background-image: none; border-bottom: 0px; float: none; padding-top: 0px; padding-left: 0px; margin: 10px auto; border-left: 0px; display: block; padding-right: 0px\" border=\"0\" alt=\"15202503_1229862347079281_7186850334730632402_n\" src=\"http:\/\/www.saloanoticias.com\/v1\/wp-content\/uploads\/imagens\/15202503_1229862347079281_7186850334730632402_n_thumb_3cfa05e2c72ae8fdb6de4c69629c2e92.jpg\" width=\"1149\" height=\"1666\"><\/a><\/font><\/p>\n<p align=\"justify\"><font size=\"3\" face=\"Arial\">\u201cTemos que mostrar nossa cultura para todo o Brasil, pois, temos um potencial tur\u00edstico muito grande, e precisamos inserir o munic\u00edpio nos roteiros tur\u00edsticos, e assim, divulgaremos a cidade e traremos mais rendas para a nossa popula\u00e7\u00e3o\u201d, disse o parlamentar que teve o seu requerimento aprovado por todos os vereadores presentes na sess\u00e3o legislativa. O documento aprovado foi encaminhado ao secret\u00e1rio de turismo de Pernambuco, Felipe Carreras, que dever\u00e1 aprovar ou n\u00e3o a inclus\u00e3o de Salo\u00e1 na \u201cRota da F\u00e9\u201d.<\/font><\/p>\n<div style=\"margin-top: 0px; margin-bottom: 0px;\" class=\"sharethis-inline-share-buttons\" ><\/div>","protected":false},"excerpt":{"rendered":"<p>O vereador e presidente da C\u00e2mara Municipal, Ronaldinho Birunda (PSB), requereu ao governo do Estado de Pernambuco, atrav\u00e9s da Secretaria de Turismo, que o munic\u00edpio de Salo\u00e1 seja inclu\u00eddo no programa \u201cRota da F\u00e9\u201d, programa de d\u00e1 incentivo aos munic\u00edpios que possuem uma forte cultura religiosa, por entender que o munic\u00edpio se enquadra nas exig\u00eancias [&hellip;]<\/p>\n","protected":false},"author":1,"featured_media":0,"comment_status":"open","ping_status":"open","sticky":false,"template":"","format":"standard","meta":{"footnotes":""},"categories":[2],"tags":[],"class_list":["post-3502","post","type-post","status-publish","format-standard","hentry","category-noticias-do-dia"],"_links":{"self":[{"href":"https:\/\/www.saloanoticias.com\/v1\/wp-json\/wp\/v2\/posts\/3502","targetHints":{"allow":["GET"]}}],"collection":[{"href":"https:\/\/www.saloanoticias.com\/v1\/wp-json\/wp\/v2\/posts"}],"about":[{"href":"https:\/\/www.saloanoticias.com\/v1\/wp-json\/wp\/v2\/types\/post"}],"author":[{"embeddable":true,"href":"https:\/\/www.saloanoticias.com\/v1\/wp-json\/wp\/v2\/users\/1"}],"replies":[{"embeddable":true,"href":"https:\/\/www.saloanoticias.com\/v1\/wp-json\/wp\/v2\/comments?post=3502"}],"version-history":[{"count":0,"href":"https:\/\/www.saloanoticias.com\/v1\/wp-json\/wp\/v2\/posts\/3502\/revisions"}],"wp:attachment":[{"href":"https:\/\/www.saloanoticias.com\/v1\/wp-json\/wp\/v2\/media?parent=3502"}],"wp:term":[{"taxonomy":"category","embeddable":true,"href":"https:\/\/www.saloanoticias.com\/v1\/wp-json\/wp\/v2\/categories?post=3502"},{"taxonomy":"post_tag","embeddable":true,"href":"https:\/\/www.saloanoticias.com\/v1\/wp-json\/wp\/v2\/tags?post=3502"}],"curies":[{"name":"wp","href":"https:\/\/api.w.org\/{rel}","templated":true}]}}