{"id":3501,"date":"2017-07-22T14:29:00","date_gmt":"2017-07-22T14:29:00","guid":{"rendered":"https:\/\/saloanoticias.mrmediaweb.com\/v1\/2017\/07\/22\/comeca-hoje-a-semana-jovam-na-iasd-de-saloa\/"},"modified":"2017-07-22T14:29:00","modified_gmt":"2017-07-22T14:29:00","slug":"comeca-hoje-a-semana-jovam-na-iasd-de-saloa","status":"publish","type":"post","link":"https:\/\/www.saloanoticias.com\/v1\/comeca-hoje-a-semana-jovam-na-iasd-de-saloa\/","title":{"rendered":"COME\u00c7A HOJE A SEMANA JOVEM DA IASD NA CIDADE DE SALO\u00c1"},"content":{"rendered":"<p align=\"justify\"><font size=\"3\" face=\"Arial\"><a href=\"http:\/\/www.saloanoticias.com\/images\/thumbnail_fb_img_1500464640994-1_cc8b53965b77ad02b96798af73bd471e.jpg\"><img loading=\"lazy\" decoding=\"async\" title=\"thumbnail_FB_IMG_1500464640994 (1)\" style=\"border-top: 0px; border-right: 0px; background-image: none; border-bottom: 0px; float: none; padding-top: 0px; padding-left: 0px; margin: 0px auto 10px; border-left: 0px; display: block; padding-right: 0px\" border=\"0\" alt=\"thumbnail_FB_IMG_1500464640994 (1)\" src=\"http:\/\/www.saloanoticias.com\/v1\/wp-content\/uploads\/imagens\/thumbnail_fb_img_1500464640994-1_thumb_978dbd3ad30a577763151329434b9377.jpg\" width=\"1506\" height=\"847\"><\/a>Come\u00e7a neste s\u00e1bado, dia 22 de julho, a \u201cSemana Jovem da IASD &#8211; Igreja Adventista do S\u00e9timo Dia na cidade de Salo\u00e1\u201d. O evento vai de hoje at\u00e9 o dia 29\/07 e contar\u00e1 com diversas atividades religiosas. Est\u00e3o escalados para pregar a palavra de Deus o pastor Adeilton Ferreira, Arielma Barbosa, Derek Stanley, Francisco Petr\u00f4nio, Jos\u00e9 J\u00fanior, Lorena Moura, Manoel Davydsson e T\u00e9rcio Sales. Haver\u00e1 muita m\u00fasica e louvor. A IADS fica localizada na Rua Josefa Vicente Pisquira, n.\u00ba 27, no centro de Salo\u00e1\/PE. Participe voc\u00ea tamb\u00e9m !<\/font><\/p>\n<p align=\"justify\"><a href=\"http:\/\/www.saloanoticias.com\/images\/thumbnail_fb_img_1500464611511_d91e9ff3a771b9ac9412149103dca4e5.jpg\"><img loading=\"lazy\" decoding=\"async\" title=\"thumbnail_FB_IMG_1500464611511\" style=\"border-top: 0px; border-right: 0px; background-image: none; border-bottom: 0px; float: none; padding-top: 0px; padding-left: 0px; margin-left: auto; border-left: 0px; display: block; padding-right: 0px; margin-right: auto\" border=\"0\" alt=\"thumbnail_FB_IMG_1500464611511\" src=\"http:\/\/www.saloanoticias.com\/v1\/wp-content\/uploads\/imagens\/thumbnail_fb_img_1500464611511_thumb_59c67df9c9eec6a2504025409dd30870.jpg\" width=\"1505\" height=\"917\"><\/a><\/p>\n<div style=\"margin-top: 0px; margin-bottom: 0px;\" class=\"sharethis-inline-share-buttons\" ><\/div>","protected":false},"excerpt":{"rendered":"<p>Come\u00e7a neste s\u00e1bado, dia 22 de julho, a \u201cSemana Jovem da IASD &#8211; Igreja Adventista do S\u00e9timo Dia na cidade de Salo\u00e1\u201d. O evento vai de hoje at\u00e9 o dia 29\/07 e contar\u00e1 com diversas atividades religiosas. Est\u00e3o escalados para pregar a palavra de Deus o pastor Adeilton Ferreira, Arielma Barbosa, Derek Stanley, Francisco Petr\u00f4nio, [&hellip;]<\/p>\n","protected":false},"author":1,"featured_media":0,"comment_status":"open","ping_status":"open","sticky":false,"template":"","format":"standard","meta":{"footnotes":""},"categories":[2],"tags":[],"class_list":["post-3501","post","type-post","status-publish","format-standard","hentry","category-noticias-do-dia"],"_links":{"self":[{"href":"https:\/\/www.saloanoticias.com\/v1\/wp-json\/wp\/v2\/posts\/3501","targetHints":{"allow":["GET"]}}],"collection":[{"href":"https:\/\/www.saloanoticias.com\/v1\/wp-json\/wp\/v2\/posts"}],"about":[{"href":"https:\/\/www.saloanoticias.com\/v1\/wp-json\/wp\/v2\/types\/post"}],"author":[{"embeddable":true,"href":"https:\/\/www.saloanoticias.com\/v1\/wp-json\/wp\/v2\/users\/1"}],"replies":[{"embeddable":true,"href":"https:\/\/www.saloanoticias.com\/v1\/wp-json\/wp\/v2\/comments?post=3501"}],"version-history":[{"count":0,"href":"https:\/\/www.saloanoticias.com\/v1\/wp-json\/wp\/v2\/posts\/3501\/revisions"}],"wp:attachment":[{"href":"https:\/\/www.saloanoticias.com\/v1\/wp-json\/wp\/v2\/media?parent=3501"}],"wp:term":[{"taxonomy":"category","embeddable":true,"href":"https:\/\/www.saloanoticias.com\/v1\/wp-json\/wp\/v2\/categories?post=3501"},{"taxonomy":"post_tag","embeddable":true,"href":"https:\/\/www.saloanoticias.com\/v1\/wp-json\/wp\/v2\/tags?post=3501"}],"curies":[{"name":"wp","href":"https:\/\/api.w.org\/{rel}","templated":true}]}}