{"id":3500,"date":"2017-07-23T15:00:00","date_gmt":"2017-07-23T15:00:00","guid":{"rendered":"https:\/\/saloanoticias.mrmediaweb.com\/v1\/2017\/07\/23\/novo-iphone-sera-o-mais-caro-da-historia\/"},"modified":"2017-07-23T15:00:00","modified_gmt":"2017-07-23T15:00:00","slug":"novo-iphone-sera-o-mais-caro-da-historia","status":"publish","type":"post","link":"https:\/\/www.saloanoticias.com\/v1\/novo-iphone-sera-o-mais-caro-da-historia\/","title":{"rendered":"MAIS NOVO IPHONE SER\u00c1 O MAIS CARO J\u00c1 PRODUZIDO PELA APPLE"},"content":{"rendered":"<p align=\"justify\"><font size=\"3\" face=\"Arial\"><a href=\"http:\/\/www.saloanoticias.com\/images\/thumbnail_fb_img_1500464640994-1_9419d1322a335fbb4abd5e9f20059f8c.jpg\"><img loading=\"lazy\" decoding=\"async\" title=\"thumbnail_FB_IMG_1500464640994 (1)\" style=\"border-left-width: 0px; border-right-width: 0px; background-image: none; border-bottom-width: 0px; float: none; padding-top: 0px; padding-left: 0px; margin: 0px auto 10px; display: block; padding-right: 0px; border-top-width: 0px\" border=\"0\" alt=\"thumbnail_FB_IMG_1500464640994 (1)\" src=\"http:\/\/www.saloanoticias.com\/v1\/wp-content\/uploads\/imagens\/thumbnail_fb_img_1500464640994-1_thumb_0766e82aeab22d0e7e4a8e52b2a0179a.jpg\" width=\"1495\" height=\"996\"><\/a>Em meio aos muitos boatos sobre a nova gera\u00e7\u00e3o de iPhones, um assusta: o novo <strong><a href=\"http:\/\/exame.abril.com.br\/noticias-sobre\/iphone\/\">iPhone<\/a><\/strong>pode ser o mais caro da hist\u00f3ria. <\/font><font size=\"3\" face=\"Arial\">A expectativa \u00e9 que neste ano a <strong><a href=\"http:\/\/exame.abril.com.br\/noticias-sobre\/apple\/\">Apple<\/a><\/strong> traga tr\u00eas novos modelos do iPhone. Dois seriam j\u00e1 esperados, o iPhone 7s e o iPhone 7S, sem mudan\u00e7as de design em rela\u00e7\u00e3o ao modelo lan\u00e7ado no ano passado e com novidades tecnol\u00f3gicas mais t\u00edmidas. <\/font><font size=\"3\" face=\"Arial\">A principal novidade seria um iPhone topo de linha com design renovado.<\/font>  <\/p>\n<p align=\"justify\"><font size=\"3\" face=\"Arial\">Os rumores apontam para um display OLED ocupando quase que toda a por\u00e7\u00e3o frontal do aparelho, um sensor de reconhecimento facial e tecnologia para carregadores sem fio. Ah, espere tamb\u00e9m um pre\u00e7o mais alto. <\/font><font size=\"3\" face=\"Arial\">Lan\u00e7ar um novo iPhone significa ter demando por milh\u00f5es de pe\u00e7as dispon\u00edveis para montar os <strong><a href=\"http:\/\/exame.abril.com.br\/noticias-sobre\/smartphones\/\">smartphones<\/a><\/strong>. \u201cA Apple n\u00e3o pode inserir nenhuma tecnologia ou pe\u00e7a que n\u00e3o possa ser fabricada mais de 200 milh\u00f5es de vezes por ano\u201d, <\/font><a href=\"http:\/\/www.macworld.com\/article\/3207552\/iphone-ipad\/apples-risky-balancing-act-with-the-next-iphone.html\"><font size=\"3\" face=\"Arial\">lembra a Macworld em um texto<\/font><\/a><font size=\"3\" face=\"Arial\">\u2014200 milh\u00f5es \u00e9 a m\u00e9dia de iPhones vendidos anualmente.<\/font>  <\/p>\n<p align=\"justify\"><font size=\"3\" face=\"Arial\">Esse n\u00famero \u00e9 mais alto do que a concorr\u00eancia. O Google vendeu um milh\u00e3o de seu Pixel. Um site coreano teve acesso a um relat\u00f3rio que <\/font><a href=\"https:\/\/www.cnet.com\/news\/samsung-galaxy-s8-5-million-sales-report\/\"><font size=\"3\" face=\"Arial\">previa a venda de 50 milh\u00f5es a 60 milh\u00f5es de unidades do Samsung Galaxy S8<\/font><\/a><font size=\"3\" face=\"Arial\">. S\u00e3o n\u00fameros bem mais baixos do que aqueles sobre os quais a Apple se debru\u00e7a para trabalhar. Pensar em um novo iPhone \u00e9 algo mais complexo do que se parece. <\/font><font size=\"3\" face=\"Arial\">A an\u00e1lise da cadeia de produ\u00e7\u00e3o aponta que seria imposs\u00edvel produzir a quantidade que a Apple precisa de telas OLED\u2014que ser\u00e3o fabricadas pela Samsung.<\/font>  <\/p>\n<p align=\"justify\"><font size=\"3\" face=\"Arial\">Com isso, faz sentido prever uma nova vers\u00e3o do iPhone: com tecnologia mais avan\u00e7ada em complemento aos aparelhos tradicionais da linha. <\/font><font size=\"3\" face=\"Arial\">Com isso, entra em jogo um conceito simples de economia. A procura pelo iPhone especial seria mais alta por parte dos consumidores, mas a quantidade de produ\u00e7\u00e3o \u00e9 inferior aos modelos tradicionais. O impacto seria uma alta no pre\u00e7o desse modelo. <\/font><font size=\"3\" face=\"Arial\">A previs\u00e3o de John Gruber, <\/font><a href=\"https:\/\/daringfireball.net\/2017\/07\/speculation_on_new_iphone_pricing\"><font size=\"3\" face=\"Arial\">do blog Daring Fireball<\/font><\/a><font size=\"3\" face=\"Arial\">, \u00e9 que o novo iPhone custe a partir de 1.200 d\u00f3lares\u2014 caso as pol\u00edticas de pre\u00e7o sejam mantidas, o iPhone 7s mais barato deve custar 649 d\u00f3lares e o iPhone 7s Plus mais barato deve sair por 769 d\u00f3lares.<\/font>  <\/p>\n<p align=\"justify\"><font size=\"3\" face=\"Arial\">Caso a estrat\u00e9gia funcione, a Apple estaria criando uma nova categoria: o iPhone \u201cPro\u201d. O nome, inclusive, faria sentido dentro das linhas da empresa\u2014que conta com o iPad Pro, MacBook Pro e Mac Pro. <\/font><font size=\"3\" face=\"Arial\">O novo iPhone deve ser anunciado em setembro. As vendas devem come\u00e7ar no mesmo m\u00eas. Neste ano, o produto completou dez anos de vida.<\/font><\/p>\n<div style=\"margin-top: 0px; margin-bottom: 0px;\" class=\"sharethis-inline-share-buttons\" ><\/div>","protected":false},"excerpt":{"rendered":"<p>Em meio aos muitos boatos sobre a nova gera\u00e7\u00e3o de iPhones, um assusta: o novo iPhonepode ser o mais caro da hist\u00f3ria. A expectativa \u00e9 que neste ano a Apple traga tr\u00eas novos modelos do iPhone. Dois seriam j\u00e1 esperados, o iPhone 7s e o iPhone 7S, sem mudan\u00e7as de design em rela\u00e7\u00e3o ao modelo [&hellip;]<\/p>\n","protected":false},"author":1,"featured_media":0,"comment_status":"open","ping_status":"open","sticky":false,"template":"","format":"standard","meta":{"footnotes":""},"categories":[2],"tags":[],"class_list":["post-3500","post","type-post","status-publish","format-standard","hentry","category-noticias-do-dia"],"_links":{"self":[{"href":"https:\/\/www.saloanoticias.com\/v1\/wp-json\/wp\/v2\/posts\/3500","targetHints":{"allow":["GET"]}}],"collection":[{"href":"https:\/\/www.saloanoticias.com\/v1\/wp-json\/wp\/v2\/posts"}],"about":[{"href":"https:\/\/www.saloanoticias.com\/v1\/wp-json\/wp\/v2\/types\/post"}],"author":[{"embeddable":true,"href":"https:\/\/www.saloanoticias.com\/v1\/wp-json\/wp\/v2\/users\/1"}],"replies":[{"embeddable":true,"href":"https:\/\/www.saloanoticias.com\/v1\/wp-json\/wp\/v2\/comments?post=3500"}],"version-history":[{"count":0,"href":"https:\/\/www.saloanoticias.com\/v1\/wp-json\/wp\/v2\/posts\/3500\/revisions"}],"wp:attachment":[{"href":"https:\/\/www.saloanoticias.com\/v1\/wp-json\/wp\/v2\/media?parent=3500"}],"wp:term":[{"taxonomy":"category","embeddable":true,"href":"https:\/\/www.saloanoticias.com\/v1\/wp-json\/wp\/v2\/categories?post=3500"},{"taxonomy":"post_tag","embeddable":true,"href":"https:\/\/www.saloanoticias.com\/v1\/wp-json\/wp\/v2\/tags?post=3500"}],"curies":[{"name":"wp","href":"https:\/\/api.w.org\/{rel}","templated":true}]}}