{"id":3499,"date":"2017-07-23T12:00:00","date_gmt":"2017-07-23T12:00:00","guid":{"rendered":"https:\/\/saloanoticias.mrmediaweb.com\/v1\/2017\/07\/23\/feira-de-saloa-e-considerada-uma-das-melhores-do-agreste-pernambucano\/"},"modified":"2017-07-23T12:00:00","modified_gmt":"2017-07-23T12:00:00","slug":"feira-de-saloa-e-considerada-uma-das-melhores-do-agreste-pernambucano","status":"publish","type":"post","link":"https:\/\/www.saloanoticias.com\/v1\/feira-de-saloa-e-considerada-uma-das-melhores-do-agreste-pernambucano\/","title":{"rendered":"FEIRA DE SALO\u00c1 \u00c9 CONSIDERADA UMA DAS MELHORES DO AGRESTE PERNAMBUCANO"},"content":{"rendered":"<p align=\"justify\"><font size=\"3\" face=\"Arial\"><a href=\"http:\/\/www.saloanoticias.com\/images\/thumbnail_fb_img_1500464640994_e03f5bf8e0e41cc977007bb573d0fb8e.jpg\"><img loading=\"lazy\" decoding=\"async\" title=\"thumbnail_FB_IMG_1500464640994\" style=\"border-left-width: 0px; border-right-width: 0px; background-image: none; border-bottom-width: 0px; float: none; padding-top: 0px; padding-left: 0px; margin: 0px auto 10px; display: block; padding-right: 0px; border-top-width: 0px\" border=\"0\" alt=\"thumbnail_FB_IMG_1500464640994\" src=\"http:\/\/www.saloanoticias.com\/v1\/wp-content\/uploads\/imagens\/thumbnail_fb_img_1500464640994_thumb_02246416b283a1bde3137f8f7ae769b2.jpg\" width=\"1494\" height=\"841\"><\/a>DO BLOG SERRINHA DA PRATA: A feira de Salo\u00e1 que acontece semanalmente na cidade, \u00e9 considerada hoje uma das melhores de todo o agreste Pernambucano. A feira \u00e9 realizada sempre nas quarta-feira, e junta neste dia, pessoas de varias cidades como, Iati, Paranatama, Bom Conselho e outras, que vem na inten\u00e7\u00e3o de encontrarem os melhores pre\u00e7os, e saborear do delicioso pastel com caldo de cana, que \u00e9 sem d\u00favida uma das marcas principais da feira. A mesma&nbsp; tem in\u00edcio na madrugada, e vai at\u00e9 o entardecer, \u00e9 famosa devido a grande quantidade de roupas e de alimentos, presentes nas bancas.<\/font><\/p>\n<p align=\"justify\"><a href=\"http:\/\/www.saloanoticias.com\/images\/thumbnail_fb_img_1500464640994-1_dc8fce3788723c3e17965161deea8d25.jpg\"><img loading=\"lazy\" decoding=\"async\" title=\"thumbnail_FB_IMG_1500464640994 (1)\" style=\"border-left-width: 0px; border-right-width: 0px; background-image: none; border-bottom-width: 0px; float: none; padding-top: 0px; padding-left: 0px; margin-left: auto; display: block; padding-right: 0px; border-top-width: 0px; margin-right: auto\" border=\"0\" alt=\"thumbnail_FB_IMG_1500464640994 (1)\" src=\"http:\/\/www.saloanoticias.com\/v1\/wp-content\/uploads\/imagens\/thumbnail_fb_img_1500464640994-1_thumb_d5ac913546293673d4b545562f68261c.jpg\" width=\"1501\" height=\"845\"><\/a><\/p>\n<p align=\"justify\"><font size=\"3\" face=\"Arial\">Geralmente quem vai a feira de Salo\u00e1 sai com uma satisfa\u00e7\u00e3o muito grande, levando em suas sacolas boa quantidade de alimentos e verduras. Venha visitar Salo\u00e1 e fazer parte desse mutir\u00e3o de pessoas que frequentam semanalmente a bel\u00edssima Feira da cidade. <strong><font size=\"2\">Texto e fotos do Blog Serrinha da Prata<\/font><\/strong><\/font><\/p>\n<div style=\"margin-top: 0px; margin-bottom: 0px;\" class=\"sharethis-inline-share-buttons\" ><\/div>","protected":false},"excerpt":{"rendered":"<p>DO BLOG SERRINHA DA PRATA: A feira de Salo\u00e1 que acontece semanalmente na cidade, \u00e9 considerada hoje uma das melhores de todo o agreste Pernambucano. A feira \u00e9 realizada sempre nas quarta-feira, e junta neste dia, pessoas de varias cidades como, Iati, Paranatama, Bom Conselho e outras, que vem na inten\u00e7\u00e3o de encontrarem os melhores [&hellip;]<\/p>\n","protected":false},"author":1,"featured_media":0,"comment_status":"open","ping_status":"open","sticky":false,"template":"","format":"standard","meta":{"footnotes":""},"categories":[2],"tags":[],"class_list":["post-3499","post","type-post","status-publish","format-standard","hentry","category-noticias-do-dia"],"_links":{"self":[{"href":"https:\/\/www.saloanoticias.com\/v1\/wp-json\/wp\/v2\/posts\/3499","targetHints":{"allow":["GET"]}}],"collection":[{"href":"https:\/\/www.saloanoticias.com\/v1\/wp-json\/wp\/v2\/posts"}],"about":[{"href":"https:\/\/www.saloanoticias.com\/v1\/wp-json\/wp\/v2\/types\/post"}],"author":[{"embeddable":true,"href":"https:\/\/www.saloanoticias.com\/v1\/wp-json\/wp\/v2\/users\/1"}],"replies":[{"embeddable":true,"href":"https:\/\/www.saloanoticias.com\/v1\/wp-json\/wp\/v2\/comments?post=3499"}],"version-history":[{"count":0,"href":"https:\/\/www.saloanoticias.com\/v1\/wp-json\/wp\/v2\/posts\/3499\/revisions"}],"wp:attachment":[{"href":"https:\/\/www.saloanoticias.com\/v1\/wp-json\/wp\/v2\/media?parent=3499"}],"wp:term":[{"taxonomy":"category","embeddable":true,"href":"https:\/\/www.saloanoticias.com\/v1\/wp-json\/wp\/v2\/categories?post=3499"},{"taxonomy":"post_tag","embeddable":true,"href":"https:\/\/www.saloanoticias.com\/v1\/wp-json\/wp\/v2\/tags?post=3499"}],"curies":[{"name":"wp","href":"https:\/\/api.w.org\/{rel}","templated":true}]}}