{"id":3498,"date":"2017-07-22T18:00:00","date_gmt":"2017-07-22T18:00:00","guid":{"rendered":"https:\/\/saloanoticias.mrmediaweb.com\/v1\/2017\/07\/22\/caps-de-saloa-e-referencia-no-agreste-meridional\/"},"modified":"2017-07-22T18:00:00","modified_gmt":"2017-07-22T18:00:00","slug":"caps-de-saloa-e-referencia-no-agreste-meridional","status":"publish","type":"post","link":"https:\/\/www.saloanoticias.com\/v1\/caps-de-saloa-e-referencia-no-agreste-meridional\/","title":{"rendered":"CAPS DE SALO\u00c1 \u00c9 REFER\u00caNCIA NO AGRESTE MERIDIONAL PERNAMBUCANO"},"content":{"rendered":"<p align=\"justify\"><font size=\"3\" face=\"Arial\"><a href=\"http:\/\/www.saloanoticias.com\/images\/thumbnail_fb_img_1500464611511.jpg\"><img loading=\"lazy\" decoding=\"async\" title=\"thumbnail_FB_IMG_1500464611511\" style=\"border-left-width: 0px; border-right-width: 0px; background-image: none; border-bottom-width: 0px; float: none; padding-top: 0px; padding-left: 0px; margin: 0px auto 10px; display: block; padding-right: 0px; border-top-width: 0px\" border=\"0\" alt=\"thumbnail_FB_IMG_1500464611511\" src=\"http:\/\/www.saloanoticias.com\/v1\/wp-content\/uploads\/imagens\/thumbnail_fb_img_1500464611511_thumb.jpg\" width=\"1474\" height=\"830\"><\/a>Em Salo\u00e1, o CAPS &#8211; Centro de Apoio Psicossocial, vem realizando um trabalho diferenciado com seus usu\u00e1rios chamando a aten\u00e7\u00e3o de outras unidades da regi\u00e3o. V\u00e1rios trabalhos s\u00e3o realizados diariamente pelos os grupos terap\u00eauticos, uma vez que apresentam grande import\u00e2ncia na inclus\u00e3o social e das pessoas que s\u00e3o acompanhadas pela Equipe Multiprofissional. <\/font><font size=\"3\" face=\"Arial\">Entre as diversas atividades\/trabalhos est\u00e3o: trabalho com jornal, desenho e pintura, oficinas de croch\u00ea e tantos outros. Esses trabalhos foram apresentados na V Confer\u00eancia Municipal de Sa\u00fade e ser\u00e3o mostrados no FIG (Festival de Inverno de Garanhuns) na noite do dia 28\/07 no Chal\u00e9. <\/font><font size=\"3\" face=\"Arial\">O CAPS Salo\u00e1\/PE est\u00e1 sob a coordena\u00e7\u00e3o da Dr\u00aa Madelaine Del Rocio Alonso Montalvan.<\/font><\/p>\n<p align=\"justify\"><a href=\"http:\/\/www.saloanoticias.com\/images\/thumbnail_fb_img_1500464630478.jpg\"><img loading=\"lazy\" decoding=\"async\" title=\"thumbnail_FB_IMG_1500464630478\" style=\"border-left-width: 0px; border-right-width: 0px; background-image: none; border-bottom-width: 0px; float: none; padding-top: 0px; padding-left: 0px; margin-left: auto; display: block; padding-right: 0px; border-top-width: 0px; margin-right: auto\" border=\"0\" alt=\"thumbnail_FB_IMG_1500464630478\" src=\"http:\/\/www.saloanoticias.com\/v1\/wp-content\/uploads\/imagens\/thumbnail_fb_img_1500464630478_thumb.jpg\" width=\"1525\" height=\"2034\"><\/a><\/p>\n<p><a href=\"http:\/\/www.saloanoticias.com\/images\/thumbnail_fb_img_1500464640994-1.jpg\"><img loading=\"lazy\" decoding=\"async\" title=\"thumbnail_FB_IMG_1500464640994 (1)\" style=\"border-left-width: 0px; border-right-width: 0px; background-image: none; border-bottom-width: 0px; float: none; padding-top: 0px; padding-left: 0px; margin-left: auto; display: block; padding-right: 0px; border-top-width: 0px; margin-right: auto\" border=\"0\" alt=\"thumbnail_FB_IMG_1500464640994 (1)\" src=\"http:\/\/www.saloanoticias.com\/v1\/wp-content\/uploads\/imagens\/thumbnail_fb_img_1500464640994-1_thumb.jpg\" width=\"1519\" height=\"1207\"><\/a><\/p>\n<p><a href=\"http:\/\/www.saloanoticias.com\/images\/thumbnail_fb_img_1500464640994.jpg\"><img loading=\"lazy\" decoding=\"async\" title=\"thumbnail_FB_IMG_1500464640994\" style=\"border-left-width: 0px; border-right-width: 0px; background-image: none; border-bottom-width: 0px; float: none; padding-top: 0px; padding-left: 0px; margin-left: auto; display: block; padding-right: 0px; border-top-width: 0px; margin-right: auto\" border=\"0\" alt=\"thumbnail_FB_IMG_1500464640994\" src=\"http:\/\/www.saloanoticias.com\/v1\/wp-content\/uploads\/imagens\/thumbnail_fb_img_1500464640994_thumb.jpg\" width=\"1525\" height=\"1145\"><\/a><\/p>\n<div style=\"margin-top: 0px; margin-bottom: 0px;\" class=\"sharethis-inline-share-buttons\" ><\/div>","protected":false},"excerpt":{"rendered":"<p>Em Salo\u00e1, o CAPS &#8211; Centro de Apoio Psicossocial, vem realizando um trabalho diferenciado com seus usu\u00e1rios chamando a aten\u00e7\u00e3o de outras unidades da regi\u00e3o. V\u00e1rios trabalhos s\u00e3o realizados diariamente pelos os grupos terap\u00eauticos, uma vez que apresentam grande import\u00e2ncia na inclus\u00e3o social e das pessoas que s\u00e3o acompanhadas pela Equipe Multiprofissional. Entre as diversas [&hellip;]<\/p>\n","protected":false},"author":1,"featured_media":0,"comment_status":"open","ping_status":"open","sticky":false,"template":"","format":"standard","meta":{"footnotes":""},"categories":[2],"tags":[],"class_list":["post-3498","post","type-post","status-publish","format-standard","hentry","category-noticias-do-dia"],"_links":{"self":[{"href":"https:\/\/www.saloanoticias.com\/v1\/wp-json\/wp\/v2\/posts\/3498","targetHints":{"allow":["GET"]}}],"collection":[{"href":"https:\/\/www.saloanoticias.com\/v1\/wp-json\/wp\/v2\/posts"}],"about":[{"href":"https:\/\/www.saloanoticias.com\/v1\/wp-json\/wp\/v2\/types\/post"}],"author":[{"embeddable":true,"href":"https:\/\/www.saloanoticias.com\/v1\/wp-json\/wp\/v2\/users\/1"}],"replies":[{"embeddable":true,"href":"https:\/\/www.saloanoticias.com\/v1\/wp-json\/wp\/v2\/comments?post=3498"}],"version-history":[{"count":0,"href":"https:\/\/www.saloanoticias.com\/v1\/wp-json\/wp\/v2\/posts\/3498\/revisions"}],"wp:attachment":[{"href":"https:\/\/www.saloanoticias.com\/v1\/wp-json\/wp\/v2\/media?parent=3498"}],"wp:term":[{"taxonomy":"category","embeddable":true,"href":"https:\/\/www.saloanoticias.com\/v1\/wp-json\/wp\/v2\/categories?post=3498"},{"taxonomy":"post_tag","embeddable":true,"href":"https:\/\/www.saloanoticias.com\/v1\/wp-json\/wp\/v2\/tags?post=3498"}],"curies":[{"name":"wp","href":"https:\/\/api.w.org\/{rel}","templated":true}]}}