{"id":3496,"date":"2017-07-25T12:56:00","date_gmt":"2017-07-25T12:56:00","guid":{"rendered":"https:\/\/saloanoticias.mrmediaweb.com\/v1\/2017\/07\/25\/paula-camara-vem-a-saloa-inaugurar-sistemas-adutores-e-deve-liberar-mais-acoes-na-cidade\/"},"modified":"2017-07-25T12:56:00","modified_gmt":"2017-07-25T12:56:00","slug":"paula-camara-vem-a-saloa-inaugurar-sistemas-adutores-e-deve-liberar-mais-acoes-na-cidade","status":"publish","type":"post","link":"https:\/\/www.saloanoticias.com\/v1\/paula-camara-vem-a-saloa-inaugurar-sistemas-adutores-e-deve-liberar-mais-acoes-na-cidade\/","title":{"rendered":"PAULO C\u00c2MARA VIR\u00c1 A SALO\u00c1 INAUGURAR SISTEMAS ADUTORES E DEVE LIBERAR MAIS RECURSOS PARA O MUNIC\u00cdPIO"},"content":{"rendered":"<p align=\"justify\"><font size=\"3\" face=\"Arial\"><a href=\"http:\/\/www.saloanoticias.com\/images\/20232352_1919503871644145_1519692794391482128_o_fffba3443786a5cf06b8dca3054a7828.jpg\"><img loading=\"lazy\" decoding=\"async\" title=\"20232352_1919503871644145_1519692794391482128_o\" style=\"border-top: 0px; border-right: 0px; background-image: none; border-bottom: 0px; float: none; padding-top: 0px; padding-left: 0px; margin: 0px auto 10px; border-left: 0px; display: block; padding-right: 0px\" border=\"0\" alt=\"20232352_1919503871644145_1519692794391482128_o\" src=\"http:\/\/www.saloanoticias.com\/v1\/wp-content\/uploads\/imagens\/20232352_1919503871644145_1519692794391482128_o_thumb_d99385e14cdde607c27cde3330c7f732.jpg\" width=\"1518\" height=\"1012\"><\/a>O Governador Paulo C\u00e2mara (PSB) vir\u00e1 ao munic\u00edpio de Salo\u00e1 nas pr\u00f3ximas semanas para inaugurar os v\u00e1rios sistemas adutores de abastecimento de \u00e1gua que j\u00e1 est\u00e3o em funcionamento no munic\u00edpio, dentre eles a Adutora da Prata, V\u00e1rzea da Serra, Pau Santo, Paquevira e Morros, gra\u00e7as as parcerias firmadas entre a prefeitura e o governo do Estado. Segundo as informa\u00e7\u00f5es repassadas ao Blog por assessores da prefeitura, C\u00e2mara assinar\u00e1 na oportunidade a libera\u00e7\u00e3o de mais recursos que ser\u00e3o investidos na cidade e zona rural do munic\u00edpio. <\/font><\/p>\n<p align=\"justify\"><a href=\"http:\/\/www.saloanoticias.com\/images\/thumbnail_img_1740.jpg\"><img loading=\"lazy\" decoding=\"async\" title=\"thumbnail_IMG_1740\" style=\"border-top: 0px; border-right: 0px; background-image: none; border-bottom: 0px; float: none; padding-top: 0px; padding-left: 0px; margin-left: auto; border-left: 0px; display: block; padding-right: 0px; margin-right: auto\" border=\"0\" alt=\"thumbnail_IMG_1740\" src=\"http:\/\/www.saloanoticias.com\/v1\/wp-content\/uploads\/imagens\/thumbnail_img_1740_thumb.jpg\" width=\"1520\" height=\"1014\"><\/a><\/p>\n<p align=\"justify\"><font size=\"3\" face=\"Arial\">O governador acertou a sua vinda ao munic\u00edpio durante a visita feita pelo prefeito Ricardo Alves (PMDB) ao Pal\u00e1cio do Campo das Princesas (sede do governo estadual) na semana passada que contou ainda com a presen\u00e7a do deputado federal Danilo Cabral (PSB). <\/font><font size=\"3\" face=\"Arial\">Nesta visita Paulo C\u00e2mara trar\u00e1 em sua bagagem mais um pacote de bondades para Salo\u00e1, o que vem fazendo desde os primeiros dias do seu governo, e dever\u00e1 ser recebido por diversas autoridades do munic\u00edpio e tantas outras de toda a regi\u00e3o do Agreste Meridional.<\/font><\/p>\n<p align=\"justify\"><a href=\"http:\/\/www.saloanoticias.com\/images\/segunda-noite_aquilles_220717-4_9facc92562328bd89c3b93a6f94129aa.jpg\"><img loading=\"lazy\" decoding=\"async\" title=\"Segunda Noite_Aquilles_220717 (4)\" style=\"border-top: 0px; border-right: 0px; background-image: none; border-bottom: 0px; float: none; padding-top: 0px; padding-left: 0px; margin-left: auto; border-left: 0px; display: block; padding-right: 0px; margin-right: auto\" border=\"0\" alt=\"Segunda Noite_Aquilles_220717 (4)\" src=\"http:\/\/www.saloanoticias.com\/v1\/wp-content\/uploads\/imagens\/segunda-noite_aquilles_220717-4_thumb_66b2e7b48ad32ed9bdc1bb1e2297b795.jpg\" width=\"1509\" height=\"1005\"><\/a><\/p>\n<p align=\"justify\"><font size=\"3\" face=\"Arial\">Com a vinda de Paulo C\u00e2mara a Salo\u00e1, Ricardo Alves (PMDB) demonstra sua rela\u00e7\u00e3o de amizade e parceria entre os entes federativos e refor\u00e7a os investimentos em Salo\u00e1 feitos pelo Estado. A data ainda n\u00e3o foi definida, mas, em breve ser\u00e1 confirmada e anunciada pelos meios de comunica\u00e7\u00e3o. Segundo o prefeito Ricardo, os novos investimentos que ser\u00e3o anunciados pelo governo do Estado trar\u00e3o muita satisfa\u00e7\u00e3o aos moradores de Salo\u00e1 e da regi\u00e3o como um todo. Nas fotos, vemos o governador Paulo C\u00e2mara, o prefeito Ricardo Alves, deputado Danilo Cabral e o jovem Ant\u00f4nio Alves, filho do prefeito de Salo\u00e1\/PE.<\/font><\/p>\n<div style=\"margin-top: 0px; margin-bottom: 0px;\" class=\"sharethis-inline-share-buttons\" ><\/div>","protected":false},"excerpt":{"rendered":"<p>O Governador Paulo C\u00e2mara (PSB) vir\u00e1 ao munic\u00edpio de Salo\u00e1 nas pr\u00f3ximas semanas para inaugurar os v\u00e1rios sistemas adutores de abastecimento de \u00e1gua que j\u00e1 est\u00e3o em funcionamento no munic\u00edpio, dentre eles a Adutora da Prata, V\u00e1rzea da Serra, Pau Santo, Paquevira e Morros, gra\u00e7as as parcerias firmadas entre a prefeitura e o governo do [&hellip;]<\/p>\n","protected":false},"author":1,"featured_media":0,"comment_status":"open","ping_status":"open","sticky":false,"template":"","format":"standard","meta":{"footnotes":""},"categories":[2],"tags":[],"class_list":["post-3496","post","type-post","status-publish","format-standard","hentry","category-noticias-do-dia"],"_links":{"self":[{"href":"https:\/\/www.saloanoticias.com\/v1\/wp-json\/wp\/v2\/posts\/3496","targetHints":{"allow":["GET"]}}],"collection":[{"href":"https:\/\/www.saloanoticias.com\/v1\/wp-json\/wp\/v2\/posts"}],"about":[{"href":"https:\/\/www.saloanoticias.com\/v1\/wp-json\/wp\/v2\/types\/post"}],"author":[{"embeddable":true,"href":"https:\/\/www.saloanoticias.com\/v1\/wp-json\/wp\/v2\/users\/1"}],"replies":[{"embeddable":true,"href":"https:\/\/www.saloanoticias.com\/v1\/wp-json\/wp\/v2\/comments?post=3496"}],"version-history":[{"count":0,"href":"https:\/\/www.saloanoticias.com\/v1\/wp-json\/wp\/v2\/posts\/3496\/revisions"}],"wp:attachment":[{"href":"https:\/\/www.saloanoticias.com\/v1\/wp-json\/wp\/v2\/media?parent=3496"}],"wp:term":[{"taxonomy":"category","embeddable":true,"href":"https:\/\/www.saloanoticias.com\/v1\/wp-json\/wp\/v2\/categories?post=3496"},{"taxonomy":"post_tag","embeddable":true,"href":"https:\/\/www.saloanoticias.com\/v1\/wp-json\/wp\/v2\/tags?post=3496"}],"curies":[{"name":"wp","href":"https:\/\/api.w.org\/{rel}","templated":true}]}}