{"id":3495,"date":"2017-07-21T15:30:00","date_gmt":"2017-07-21T15:30:00","guid":{"rendered":"https:\/\/saloanoticias.mrmediaweb.com\/v1\/2017\/07\/21\/delegacia-de-saloa-cumprem-mandados-de-prisao\/"},"modified":"2017-07-21T15:30:00","modified_gmt":"2017-07-21T15:30:00","slug":"delegacia-de-saloa-cumprem-mandados-de-prisao","status":"publish","type":"post","link":"https:\/\/www.saloanoticias.com\/v1\/delegacia-de-saloa-cumprem-mandados-de-prisao\/","title":{"rendered":"DELEGACIA DE SALO\u00c1 CUMPRIU MANDADOS DE PRIS\u00c3O NA \u00daLTIMA QUARTA-FEIRA (19)"},"content":{"rendered":"<p align=\"justify\"><font size=\"3\" face=\"Arial\"><a href=\"http:\/\/www.saloanoticias.com\/images\/20229031_863553293811703_1337748931737995670_n_aa638e10bf26d1baf4a6223342ec6e29.jpg\"><img loading=\"lazy\" decoding=\"async\" title=\"20229031_863553293811703_1337748931737995670_n\" style=\"border-top: 0px; border-right: 0px; background-image: none; border-bottom: 0px; float: none; padding-top: 0px; padding-left: 0px; margin: 0px auto 10px; border-left: 0px; display: block; padding-right: 0px\" border=\"0\" alt=\"20229031_863553293811703_1337748931737995670_n\" src=\"http:\/\/www.saloanoticias.com\/v1\/wp-content\/uploads\/imagens\/20229031_863553293811703_1337748931737995670_n_thumb_cb6c09e776e4c08acd556b30e87ca0b1.jpg\" width=\"1533\" height=\"1002\"><\/a>Na tarde desta quarta-feira (19), Policiais Civis da Delegacia de Salo\u00e1, Agreste pernambucano, sob o comando do Delegado Alysson C\u00e2mara, deflagraram dilig\u00eancias policiais objetivando dar cumprimento \u00e0 mandados de pris\u00e3o em aberto, que resultou na localiza\u00e7\u00e3o e captura de Aguinaldo Pereira da Silva, 60 anos, agricultor, o qual estava foragido h\u00e1 8 anos ap\u00f3s ser condenado pela pr\u00e1tica de les\u00e3o corporal mediante viol\u00eancia dom\u00e9stica. <\/font><font size=\"3\" face=\"Arial\">Na mesma opera\u00e7\u00e3o, j\u00e1 no S\u00edtio Gigante, zona rural de Salo\u00e1, foi localizado e capturado Juvenal Alexandre de Lima Santos, de 39 anos, agricultor, acusado da pr\u00e1tica do crime de amea\u00e7a mediante viol\u00eancia dom\u00e9stica, ambos enquadrados na Lei Maria da Penha, os quais ap\u00f3s os procedimentos legais foram recolhidos \u00e0 Cadeia P\u00fablica de Salo\u00e1, onde permanecer\u00e3o \u00e0 disposi\u00e7\u00e3o da Justi\u00e7a.<\/font><\/p>\n<div style=\"margin-top: 0px; margin-bottom: 0px;\" class=\"sharethis-inline-share-buttons\" ><\/div>","protected":false},"excerpt":{"rendered":"<p>Na tarde desta quarta-feira (19), Policiais Civis da Delegacia de Salo\u00e1, Agreste pernambucano, sob o comando do Delegado Alysson C\u00e2mara, deflagraram dilig\u00eancias policiais objetivando dar cumprimento \u00e0 mandados de pris\u00e3o em aberto, que resultou na localiza\u00e7\u00e3o e captura de Aguinaldo Pereira da Silva, 60 anos, agricultor, o qual estava foragido h\u00e1 8 anos ap\u00f3s ser [&hellip;]<\/p>\n","protected":false},"author":1,"featured_media":0,"comment_status":"open","ping_status":"open","sticky":false,"template":"","format":"standard","meta":{"footnotes":""},"categories":[2],"tags":[],"class_list":["post-3495","post","type-post","status-publish","format-standard","hentry","category-noticias-do-dia"],"_links":{"self":[{"href":"https:\/\/www.saloanoticias.com\/v1\/wp-json\/wp\/v2\/posts\/3495","targetHints":{"allow":["GET"]}}],"collection":[{"href":"https:\/\/www.saloanoticias.com\/v1\/wp-json\/wp\/v2\/posts"}],"about":[{"href":"https:\/\/www.saloanoticias.com\/v1\/wp-json\/wp\/v2\/types\/post"}],"author":[{"embeddable":true,"href":"https:\/\/www.saloanoticias.com\/v1\/wp-json\/wp\/v2\/users\/1"}],"replies":[{"embeddable":true,"href":"https:\/\/www.saloanoticias.com\/v1\/wp-json\/wp\/v2\/comments?post=3495"}],"version-history":[{"count":0,"href":"https:\/\/www.saloanoticias.com\/v1\/wp-json\/wp\/v2\/posts\/3495\/revisions"}],"wp:attachment":[{"href":"https:\/\/www.saloanoticias.com\/v1\/wp-json\/wp\/v2\/media?parent=3495"}],"wp:term":[{"taxonomy":"category","embeddable":true,"href":"https:\/\/www.saloanoticias.com\/v1\/wp-json\/wp\/v2\/categories?post=3495"},{"taxonomy":"post_tag","embeddable":true,"href":"https:\/\/www.saloanoticias.com\/v1\/wp-json\/wp\/v2\/tags?post=3495"}],"curies":[{"name":"wp","href":"https:\/\/api.w.org\/{rel}","templated":true}]}}