{"id":3494,"date":"2017-07-21T12:31:00","date_gmt":"2017-07-21T12:31:00","guid":{"rendered":"https:\/\/saloanoticias.mrmediaweb.com\/v1\/2017\/07\/21\/junina-dona-dita-se-apresenta-no-fig-2017\/"},"modified":"2017-07-21T12:31:00","modified_gmt":"2017-07-21T12:31:00","slug":"junina-dona-dita-se-apresenta-no-fig-2017","status":"publish","type":"post","link":"https:\/\/www.saloanoticias.com\/v1\/junina-dona-dita-se-apresenta-no-fig-2017\/","title":{"rendered":"JUNINA DONA DITA SE APRESENTA NO FIG 2017 NO PALCO DA CULTURA POPULAR"},"content":{"rendered":"<p align=\"justify\"><font size=\"3\" face=\"Arial\"><a href=\"http:\/\/www.saloanoticias.com\/images\/20229031_863553293811703_1337748931737995670_n_2c7c4ad23b36a36a6bb865d9e9135cae.jpg\"><img loading=\"lazy\" decoding=\"async\" title=\"20229031_863553293811703_1337748931737995670_n\" style=\"border-left-width: 0px; border-right-width: 0px; background-image: none; border-bottom-width: 0px; float: none; padding-top: 0px; padding-left: 0px; margin: 0px auto 10px; display: block; padding-right: 0px; border-top-width: 0px\" border=\"0\" alt=\"20229031_863553293811703_1337748931737995670_n\" src=\"http:\/\/www.saloanoticias.com\/v1\/wp-content\/uploads\/imagens\/20229031_863553293811703_1337748931737995670_n_thumb_bd029ba499b2d88f1d36451d9278d483.jpg\" width=\"1452\" height=\"634\"><\/a>Aten\u00e7\u00e3o voc\u00ea que ainda n\u00e3o teve a oportunidade de ver a apresenta\u00e7\u00e3o da Junina Dona Dita ! A quadrilha se apresentar\u00e1 no Festival de Inverno de Garanhuns 2017 neste s\u00e1bado, dia 22 de julho, \u00e0s <\/font><font size=\"3\" face=\"Arial\">10h no palco da Cultura Popular, no Colunata, em frente a loja Ferreira Costa, com o tema: &#8220;Se a chuva n\u00e3o aparecer, o nosso sonho n\u00e3o vai morrer !&#8221;. <\/font><font size=\"3\" face=\"Arial\">A quadrilha Junina Dona Dita \u00e9 composta por alunos das escolas S\u00e3o Vicente e da EREM Jo\u00e3o Marques, formando um total de 38 dan\u00e7arinos e 5 pessoas que cuidam da produ\u00e7\u00e3o juntamente ao chamador Manoel Filho. Vale a pena conferir !<\/font><\/p>\n<div style=\"margin-top: 0px; margin-bottom: 0px;\" class=\"sharethis-inline-share-buttons\" ><\/div>","protected":false},"excerpt":{"rendered":"<p>Aten\u00e7\u00e3o voc\u00ea que ainda n\u00e3o teve a oportunidade de ver a apresenta\u00e7\u00e3o da Junina Dona Dita ! A quadrilha se apresentar\u00e1 no Festival de Inverno de Garanhuns 2017 neste s\u00e1bado, dia 22 de julho, \u00e0s 10h no palco da Cultura Popular, no Colunata, em frente a loja Ferreira Costa, com o tema: &#8220;Se a chuva [&hellip;]<\/p>\n","protected":false},"author":1,"featured_media":0,"comment_status":"open","ping_status":"open","sticky":false,"template":"","format":"standard","meta":{"footnotes":""},"categories":[2],"tags":[],"class_list":["post-3494","post","type-post","status-publish","format-standard","hentry","category-noticias-do-dia"],"_links":{"self":[{"href":"https:\/\/www.saloanoticias.com\/v1\/wp-json\/wp\/v2\/posts\/3494","targetHints":{"allow":["GET"]}}],"collection":[{"href":"https:\/\/www.saloanoticias.com\/v1\/wp-json\/wp\/v2\/posts"}],"about":[{"href":"https:\/\/www.saloanoticias.com\/v1\/wp-json\/wp\/v2\/types\/post"}],"author":[{"embeddable":true,"href":"https:\/\/www.saloanoticias.com\/v1\/wp-json\/wp\/v2\/users\/1"}],"replies":[{"embeddable":true,"href":"https:\/\/www.saloanoticias.com\/v1\/wp-json\/wp\/v2\/comments?post=3494"}],"version-history":[{"count":0,"href":"https:\/\/www.saloanoticias.com\/v1\/wp-json\/wp\/v2\/posts\/3494\/revisions"}],"wp:attachment":[{"href":"https:\/\/www.saloanoticias.com\/v1\/wp-json\/wp\/v2\/media?parent=3494"}],"wp:term":[{"taxonomy":"category","embeddable":true,"href":"https:\/\/www.saloanoticias.com\/v1\/wp-json\/wp\/v2\/categories?post=3494"},{"taxonomy":"post_tag","embeddable":true,"href":"https:\/\/www.saloanoticias.com\/v1\/wp-json\/wp\/v2\/tags?post=3494"}],"curies":[{"name":"wp","href":"https:\/\/api.w.org\/{rel}","templated":true}]}}