{"id":3491,"date":"2017-07-20T11:00:00","date_gmt":"2017-07-20T11:00:00","guid":{"rendered":"https:\/\/saloanoticias.mrmediaweb.com\/v1\/2017\/07\/20\/bairro-eurico-marcal-100-saneado-e-calcado\/"},"modified":"2017-07-20T11:00:00","modified_gmt":"2017-07-20T11:00:00","slug":"bairro-eurico-marcal-100-saneado-e-calcado","status":"publish","type":"post","link":"https:\/\/www.saloanoticias.com\/v1\/bairro-eurico-marcal-100-saneado-e-calcado\/","title":{"rendered":"BAIRRO EUR\u00cdCO MAR\u00c7AL 100% SANEADO E CAL\u00c7ADO PELA PREFEITURA DE SALO\u00c1"},"content":{"rendered":"<p align=\"justify\"><a href=\"http:\/\/www.saloanoticias.com\/images\/img_20170704_095328078_1e743248007fe24a5b35fbf670cc061a.jpg\"><img loading=\"lazy\" decoding=\"async\" title=\"IMG_20170704_095328078\" style=\"border-left-width: 0px; border-right-width: 0px; background-image: none; border-bottom-width: 0px; float: none; padding-top: 0px; padding-left: 0px; margin: 0px auto 10px; display: block; padding-right: 0px; border-top-width: 0px\" border=\"0\" alt=\"IMG_20170704_095328078\" src=\"http:\/\/www.saloanoticias.com\/v1\/wp-content\/uploads\/imagens\/img_20170704_095328078_thumb_3fd274747bea452cb31a398548dfe934.jpg\" width=\"1511\" height=\"849\"><\/a><font size=\"3\" face=\"Arial\">Nos \u00faltimos anos o \u00edndice habitacional no munic\u00edpio de Salo\u00e1 tem aumentado consideravelmente, e em virtude disso, o crescimento da cidade com o surgimento de novos bairros. Alguns destes bairros logicamente precisam de investimentos em infraestrutura e em saneamento e pavimenta\u00e7\u00e3o. Diante desta necessidade, o p<\/font><font size=\"3\" face=\"Arial\">refeito Ricardo Alves (PMDB), tem ido em busca de recursos e em uma de suas viagens \u00e0 Bras\u00edlia conseguiu verba junto ao Minist\u00e9rio da Sa\u00fade e FUNASA no valor de 13.000.000,00 (treze milh\u00f5es), com destina\u00e7\u00e3o ao saneamento e pavimenta\u00e7\u00e3o da cidade.<\/font>  <\/p>\n<p align=\"justify\"><font size=\"3\" face=\"Arial\">As obras provenientes destes recursos j\u00e1 s\u00e3o vis\u00edveis em toda a sede do munic\u00edpio, bairros inteiros est\u00e3o recebendo estas a\u00e7\u00f5es. O primeiro bairro contemplado e 100% pavimentado e saneado foi o Santa Quit\u00e9ria, e em seguida o Bairro Areias. Agora, o Bairro Eur\u00edco Mar\u00e7al localizado na sa\u00edda de Salo\u00e1 para cidade de Terezinha tamb\u00e9m est\u00e1 com as obras de infraestrutura completa. Essas obras trazem para popula\u00e7\u00e3o uma melhor qualidade de vida, diminuindo doen\u00e7as causadas por insetos, acaba com a lama nos per\u00edodos chuvosos, valoriza os im\u00f3veis, al\u00e9m dos empregos gerados na cidade contribuindo para a renda local. <\/font> <\/p>\n<p align=\"justify\"><font size=\"3\" face=\"Arial\">Salo\u00e1 caminha para ser a primeira cidade pernambucana a ser 100% saneada e pavimentada, faltando pouqu\u00edssimas ruas e o novo bairro Manoel Vicente. Outro destaque desta grande obra, a constru\u00e7\u00e3o do centro de tratamento de esgoto, tr\u00eas grandes piscinas que ter\u00e3o capacidade para receber os dejetos pelos pr\u00f3ximos 60 anos, contribuindo na melhoria do meio ambiente, barragens limpas e o riacho que corta a cachoeira do Bicho tamb\u00e9m estar\u00e1 totalmente limpo, sem nenhum tipo de polui\u00e7\u00e3o. <strong><font size=\"2\">Fonte: ASCOM da Prefeitura de Salo\u00e1\/PE<\/font><\/strong><\/font><\/p>\n<div style=\"margin-top: 0px; margin-bottom: 0px;\" class=\"sharethis-inline-share-buttons\" ><\/div>","protected":false},"excerpt":{"rendered":"<p>Nos \u00faltimos anos o \u00edndice habitacional no munic\u00edpio de Salo\u00e1 tem aumentado consideravelmente, e em virtude disso, o crescimento da cidade com o surgimento de novos bairros. Alguns destes bairros logicamente precisam de investimentos em infraestrutura e em saneamento e pavimenta\u00e7\u00e3o. Diante desta necessidade, o prefeito Ricardo Alves (PMDB), tem ido em busca de recursos [&hellip;]<\/p>\n","protected":false},"author":1,"featured_media":0,"comment_status":"open","ping_status":"open","sticky":false,"template":"","format":"standard","meta":{"footnotes":""},"categories":[2],"tags":[],"class_list":["post-3491","post","type-post","status-publish","format-standard","hentry","category-noticias-do-dia"],"_links":{"self":[{"href":"https:\/\/www.saloanoticias.com\/v1\/wp-json\/wp\/v2\/posts\/3491","targetHints":{"allow":["GET"]}}],"collection":[{"href":"https:\/\/www.saloanoticias.com\/v1\/wp-json\/wp\/v2\/posts"}],"about":[{"href":"https:\/\/www.saloanoticias.com\/v1\/wp-json\/wp\/v2\/types\/post"}],"author":[{"embeddable":true,"href":"https:\/\/www.saloanoticias.com\/v1\/wp-json\/wp\/v2\/users\/1"}],"replies":[{"embeddable":true,"href":"https:\/\/www.saloanoticias.com\/v1\/wp-json\/wp\/v2\/comments?post=3491"}],"version-history":[{"count":0,"href":"https:\/\/www.saloanoticias.com\/v1\/wp-json\/wp\/v2\/posts\/3491\/revisions"}],"wp:attachment":[{"href":"https:\/\/www.saloanoticias.com\/v1\/wp-json\/wp\/v2\/media?parent=3491"}],"wp:term":[{"taxonomy":"category","embeddable":true,"href":"https:\/\/www.saloanoticias.com\/v1\/wp-json\/wp\/v2\/categories?post=3491"},{"taxonomy":"post_tag","embeddable":true,"href":"https:\/\/www.saloanoticias.com\/v1\/wp-json\/wp\/v2\/tags?post=3491"}],"curies":[{"name":"wp","href":"https:\/\/api.w.org\/{rel}","templated":true}]}}