{"id":3490,"date":"2017-07-19T14:30:00","date_gmt":"2017-07-19T14:30:00","guid":{"rendered":"https:\/\/saloanoticias.mrmediaweb.com\/v1\/2017\/07\/19\/prefeito-de-saloa-continua-calcando-as-ruas-da-creche\/"},"modified":"2017-07-19T14:30:00","modified_gmt":"2017-07-19T14:30:00","slug":"prefeito-de-saloa-continua-calcando-as-ruas-da-creche","status":"publish","type":"post","link":"https:\/\/www.saloanoticias.com\/v1\/prefeito-de-saloa-continua-calcando-as-ruas-da-creche\/","title":{"rendered":"PREFEITO DE SALO\u00c1 CONTINUA CAL\u00c7ANDO E SANEANDO AS RUAS DO BAIRRO JAQUEIR\u00c3O"},"content":{"rendered":"<p align=\"justify\"><font size=\"3\" face=\"Arial\"><a href=\"http:\/\/www.saloanoticias.com\/images\/5ecceecb-c9dd-423f-8379-5394dda4d7f5.jpg\"><img loading=\"lazy\" decoding=\"async\" title=\"5ecceecb-c9dd-423f-8379-5394dda4d7f5\" style=\"border-top: 0px; border-right: 0px; background-image: none; border-bottom: 0px; float: none; padding-top: 0px; padding-left: 0px; margin: 0px auto 10px; border-left: 0px; display: block; padding-right: 0px\" border=\"0\" alt=\"5ecceecb-c9dd-423f-8379-5394dda4d7f5\" src=\"http:\/\/www.saloanoticias.com\/v1\/wp-content\/uploads\/imagens\/5ecceecb-c9dd-423f-8379-5394dda4d7f5_thumb.jpg\" width=\"1479\" height=\"832\"><\/a>O Bairro Jaqueir\u00e3o est\u00e1 localizado na entrada da cidade, as margens da PE 216. A comunidade j\u00e1 havia recebido in\u00fameras a\u00e7\u00f5es por parte do governo municipal como a pra\u00e7a com brinquedos, quadra, v\u00e1rias ruas pavimentadas e saneadas, melhoria na ilumina\u00e7\u00e3o, posto de sa\u00fade revitalizado, recebeu a unidade da Escola Vicentinho, posto do Detran, o CCI foi reformado e recebeu tamb\u00e9m a unidade da ADAGRO. <\/font><font size=\"3\" face=\"Arial\">Mas n\u00e3o para por a\u00ed, ainda falta pouco para que o bairro seja totalmente pavimentado, e visando completar o mais r\u00e1pido poss\u00edvel este projeto por parte do governo municipal, as obras n\u00e3o param.<\/font><\/p>\n<p align=\"justify\"><a href=\"http:\/\/www.saloanoticias.com\/images\/img_20170713_110152545.jpg\"><img loading=\"lazy\" decoding=\"async\" title=\"IMG_20170713_110152545\" style=\"border-top: 0px; border-right: 0px; background-image: none; border-bottom: 0px; float: none; padding-top: 0px; padding-left: 0px; margin-left: auto; border-left: 0px; display: block; padding-right: 0px; margin-right: auto\" border=\"0\" alt=\"IMG_20170713_110152545\" src=\"http:\/\/www.saloanoticias.com\/v1\/wp-content\/uploads\/imagens\/img_20170713_110152545_thumb.jpg\" width=\"1472\" height=\"829\"><\/a><\/p>\n<p align=\"justify\"><font size=\"3\" face=\"Arial\">Agora a rua 03 al\u00e9m de receber a pavimenta\u00e7\u00e3o e o saneamento, recebeu tamb\u00e9m um muro de arrimo que foi necess\u00e1rio devido ao desn\u00edvel, facilitando agora a passagem de ve\u00edculos e pedestres na localidade e o escoamento da \u00e1gua no per\u00edodo da chuva. <\/font><font size=\"3\" face=\"Arial\">Os moradores da comunidade est\u00e3o satisfeitos pelos investimentos feitos pelo governo <\/font><font size=\"3\" face=\"Arial\">na localidade e percebem j\u00e1 ter uma melhor qualidade de vida, n\u00e3o temos mais a lama nos per\u00edodos de chuva, os esgotos a c\u00e9u aberto n\u00e3o temos mais, diminuiu em 90% os insetos al\u00e9m da valoriza\u00e7\u00e3o dos im\u00f3veis, \u201csegundo L\u00facia, s\u00f3 temos a agradecer ao prefeito Ricardo Alves\u201d. <\/font><font size=\"3\" face=\"Arial\">As obras n\u00e3o param em Salo\u00e1, em breve as principais vias de acesso e o centro da cidade estar\u00e3o recebendo o t\u00e3o sonhado asfalto.<\/font><\/p>\n<div style=\"margin-top: 0px; margin-bottom: 0px;\" class=\"sharethis-inline-share-buttons\" ><\/div>","protected":false},"excerpt":{"rendered":"<p>O Bairro Jaqueir\u00e3o est\u00e1 localizado na entrada da cidade, as margens da PE 216. A comunidade j\u00e1 havia recebido in\u00fameras a\u00e7\u00f5es por parte do governo municipal como a pra\u00e7a com brinquedos, quadra, v\u00e1rias ruas pavimentadas e saneadas, melhoria na ilumina\u00e7\u00e3o, posto de sa\u00fade revitalizado, recebeu a unidade da Escola Vicentinho, posto do Detran, o CCI [&hellip;]<\/p>\n","protected":false},"author":1,"featured_media":0,"comment_status":"open","ping_status":"open","sticky":false,"template":"","format":"standard","meta":{"footnotes":""},"categories":[2],"tags":[],"class_list":["post-3490","post","type-post","status-publish","format-standard","hentry","category-noticias-do-dia"],"_links":{"self":[{"href":"https:\/\/www.saloanoticias.com\/v1\/wp-json\/wp\/v2\/posts\/3490","targetHints":{"allow":["GET"]}}],"collection":[{"href":"https:\/\/www.saloanoticias.com\/v1\/wp-json\/wp\/v2\/posts"}],"about":[{"href":"https:\/\/www.saloanoticias.com\/v1\/wp-json\/wp\/v2\/types\/post"}],"author":[{"embeddable":true,"href":"https:\/\/www.saloanoticias.com\/v1\/wp-json\/wp\/v2\/users\/1"}],"replies":[{"embeddable":true,"href":"https:\/\/www.saloanoticias.com\/v1\/wp-json\/wp\/v2\/comments?post=3490"}],"version-history":[{"count":0,"href":"https:\/\/www.saloanoticias.com\/v1\/wp-json\/wp\/v2\/posts\/3490\/revisions"}],"wp:attachment":[{"href":"https:\/\/www.saloanoticias.com\/v1\/wp-json\/wp\/v2\/media?parent=3490"}],"wp:term":[{"taxonomy":"category","embeddable":true,"href":"https:\/\/www.saloanoticias.com\/v1\/wp-json\/wp\/v2\/categories?post=3490"},{"taxonomy":"post_tag","embeddable":true,"href":"https:\/\/www.saloanoticias.com\/v1\/wp-json\/wp\/v2\/tags?post=3490"}],"curies":[{"name":"wp","href":"https:\/\/api.w.org\/{rel}","templated":true}]}}