{"id":3489,"date":"2017-07-18T17:31:00","date_gmt":"2017-07-18T17:31:00","guid":{"rendered":"https:\/\/saloanoticias.mrmediaweb.com\/v1\/2017\/07\/18\/prefeitura-de-saloa-comeca-a-recuperacao-das-estradas-depois-das-chuvas\/"},"modified":"2017-07-18T17:31:00","modified_gmt":"2017-07-18T17:31:00","slug":"prefeitura-de-saloa-comeca-a-recuperacao-das-estradas-depois-das-chuvas","status":"publish","type":"post","link":"https:\/\/www.saloanoticias.com\/v1\/prefeitura-de-saloa-comeca-a-recuperacao-das-estradas-depois-das-chuvas\/","title":{"rendered":"PREFEITURA INICIA A RECUPERA\u00c7\u00c3O DAS ESTRADAS DEPOIS DAS CHUVAS EM SALO\u00c1"},"content":{"rendered":"<p align=\"justify\"><font size=\"3\" face=\"Arial\"><a href=\"http:\/\/www.saloanoticias.com\/images\/20046516_1081983838599819_7367470268014844868_n_c7dc98582f9e30cefaaaabcb7dd899fe.jpg\"><img loading=\"lazy\" decoding=\"async\" title=\"20046516_1081983838599819_7367470268014844868_n\" style=\"border-top: 0px; border-right: 0px; background-image: none; border-bottom: 0px; float: none; padding-top: 0px; padding-left: 0px; margin: 0px auto 10px; border-left: 0px; display: block; padding-right: 0px\" border=\"0\" alt=\"20046516_1081983838599819_7367470268014844868_n\" src=\"http:\/\/www.saloanoticias.com\/v1\/wp-content\/uploads\/imagens\/20046516_1081983838599819_7367470268014844868_n_thumb_c137c654d6c09101f24166d7a1a188f2.jpg\" width=\"1490\" height=\"838\"><\/a>As chuvas chegaram com for\u00e7a na regi\u00e3o do Agreste pernambucano, trazendo \u00e9 claro, in\u00fameros benef\u00edcios para a regi\u00e3o. S\u00e3o barragens e riachos cheios fazendo com que a \u00e1gua chegue \u00e0s casas, cachoeiras voltando a jorrar mostrando sua exuber\u00e2ncia e beleza, pasto para os animais, lavouras brotando, milho e feij\u00e3o na ro\u00e7a do agricultor e maquinas continuam trabalhando a todo vapor na ara\u00e7\u00e3o de terras. <\/font><font size=\"3\" face=\"Arial\">Em contrapartida, com a chegada das chuvas encharcando o solo, muitos lugares ficaram quase intransit\u00e1veis na zona rural do munic\u00edpio de Salo\u00e1.<\/font> <\/p>\n<p align=\"justify\"><font size=\"3\" face=\"Arial\">Agora a preocupa\u00e7\u00e3o \u00e9 recuperar as estradas o mais r\u00e1pido poss\u00edvel, pois, aproxima-se o in\u00edcio do segundo semestre das aulas e para isso acontecer precisa-se de estradas que ofere\u00e7am trafegabilidade, por isso mesmo a secretaria de transporte j\u00e1 colocou as m\u00e1quinas para recuperar o mais r\u00e1pido poss\u00edvel os acessos a Salo\u00e1, garantindo a locomo\u00e7\u00e3o do transporte escolar e da popula\u00e7\u00e3o em geral. <\/font><font size=\"3\" face=\"Arial\">Segundo Marcos Aur\u00e9lio, h\u00e1 muito que fazer, existem locais muito danificados, estes locais v\u00e3o precisar de material, outros precisam enxugar mais um pouco para as m\u00e1quinas passarem, mas que em breve estar\u00e3o revitalizadas voltando a normalidade e ofertando 100% de trafegabilidade no munic\u00edpio. <strong><font size=\"2\">Fonte: ASCOM da Prefeitura de Salo\u00e1<\/font><\/strong><\/font><\/p>\n<div style=\"margin-top: 0px; margin-bottom: 0px;\" class=\"sharethis-inline-share-buttons\" ><\/div>","protected":false},"excerpt":{"rendered":"<p>As chuvas chegaram com for\u00e7a na regi\u00e3o do Agreste pernambucano, trazendo \u00e9 claro, in\u00fameros benef\u00edcios para a regi\u00e3o. S\u00e3o barragens e riachos cheios fazendo com que a \u00e1gua chegue \u00e0s casas, cachoeiras voltando a jorrar mostrando sua exuber\u00e2ncia e beleza, pasto para os animais, lavouras brotando, milho e feij\u00e3o na ro\u00e7a do agricultor e maquinas [&hellip;]<\/p>\n","protected":false},"author":1,"featured_media":0,"comment_status":"open","ping_status":"open","sticky":false,"template":"","format":"standard","meta":{"footnotes":""},"categories":[2],"tags":[],"class_list":["post-3489","post","type-post","status-publish","format-standard","hentry","category-noticias-do-dia"],"_links":{"self":[{"href":"https:\/\/www.saloanoticias.com\/v1\/wp-json\/wp\/v2\/posts\/3489","targetHints":{"allow":["GET"]}}],"collection":[{"href":"https:\/\/www.saloanoticias.com\/v1\/wp-json\/wp\/v2\/posts"}],"about":[{"href":"https:\/\/www.saloanoticias.com\/v1\/wp-json\/wp\/v2\/types\/post"}],"author":[{"embeddable":true,"href":"https:\/\/www.saloanoticias.com\/v1\/wp-json\/wp\/v2\/users\/1"}],"replies":[{"embeddable":true,"href":"https:\/\/www.saloanoticias.com\/v1\/wp-json\/wp\/v2\/comments?post=3489"}],"version-history":[{"count":0,"href":"https:\/\/www.saloanoticias.com\/v1\/wp-json\/wp\/v2\/posts\/3489\/revisions"}],"wp:attachment":[{"href":"https:\/\/www.saloanoticias.com\/v1\/wp-json\/wp\/v2\/media?parent=3489"}],"wp:term":[{"taxonomy":"category","embeddable":true,"href":"https:\/\/www.saloanoticias.com\/v1\/wp-json\/wp\/v2\/categories?post=3489"},{"taxonomy":"post_tag","embeddable":true,"href":"https:\/\/www.saloanoticias.com\/v1\/wp-json\/wp\/v2\/tags?post=3489"}],"curies":[{"name":"wp","href":"https:\/\/api.w.org\/{rel}","templated":true}]}}