{"id":3488,"date":"2017-07-18T11:49:00","date_gmt":"2017-07-18T11:49:00","guid":{"rendered":"https:\/\/saloanoticias.mrmediaweb.com\/v1\/2017\/07\/18\/ze-do-padre-faz-elogios-a-danilo-cabral\/"},"modified":"2017-07-18T11:49:00","modified_gmt":"2017-07-18T11:49:00","slug":"ze-do-padre-faz-elogios-a-danilo-cabral","status":"publish","type":"post","link":"https:\/\/www.saloanoticias.com\/v1\/ze-do-padre-faz-elogios-a-danilo-cabral\/","title":{"rendered":"DANILO CABRAL MERECE NOSSO RESPEITO PELA SUA ATUA\u00c7\u00c3O NO CONGRESSO, DIZ Z\u00c9 DO PADRE, PRESIDENTE DO STR"},"content":{"rendered":"<p align=\"justify\"><font size=\"3\" face=\"Arial\"><a href=\"http:\/\/www.saloanoticias.com\/images\/dsc_2027_019803bb1b814a7c358e80696292499d.jpg\"><img loading=\"lazy\" decoding=\"async\" title=\"DSC_2027\" style=\"border-top: 0px; border-right: 0px; background-image: none; border-bottom: 0px; float: right; padding-top: 0px; padding-left: 0px; margin: 5px 0px 0px 5px; border-left: 0px; display: inline; padding-right: 0px\" border=\"0\" alt=\"DSC_2027\" src=\"http:\/\/www.saloanoticias.com\/v1\/wp-content\/uploads\/imagens\/dsc_2027_thumb_196d4df678ca2a07d179752617f1d2a1.jpg\" width=\"311\" align=\"right\" height=\"210\"><\/a>O rep\u00f3rter Israel Gomes entrevistou o presidente do STR, Jos\u00e9 Ferreira da Silva, durante a visita do deputado federal Danilo Cabral a cidade de Salo\u00e1\/PE. Z\u00e9 fez duras cr\u00edticas ao presidente Michel Temer expondo os motivos claros de que a sua gest\u00e3o n\u00e3o est\u00e1 suprindo as necessidades da popula\u00e7\u00e3o brasileira. Na mesma entrevista, Z\u00e9 do Padre fez elogios a Danilo Cabral dizendo que gostou do posicionamento do deputado quando votou contra os projetos de reforma da previd\u00eancia e trabalhista que tira os direitos dos trabalhadores. <\/font><font size=\"3\" face=\"Arial\">Ele disse que Cabral est\u00e1 atuando muito bem e merece o respeito dos sindicalistas e tamb\u00e9m da popula\u00e7\u00e3o pelo que tem feito no Congresso Nacional. Danilo Cabral vem sendo radicalmente contra os projeto do presidente Temer por entender que os brasileiros ser\u00e3o penalizados com as reformas.<\/font><\/p>\n<div style=\"margin-top: 0px; margin-bottom: 0px;\" class=\"sharethis-inline-share-buttons\" ><\/div>","protected":false},"excerpt":{"rendered":"<p>O rep\u00f3rter Israel Gomes entrevistou o presidente do STR, Jos\u00e9 Ferreira da Silva, durante a visita do deputado federal Danilo Cabral a cidade de Salo\u00e1\/PE. Z\u00e9 fez duras cr\u00edticas ao presidente Michel Temer expondo os motivos claros de que a sua gest\u00e3o n\u00e3o est\u00e1 suprindo as necessidades da popula\u00e7\u00e3o brasileira. Na mesma entrevista, Z\u00e9 do [&hellip;]<\/p>\n","protected":false},"author":1,"featured_media":0,"comment_status":"open","ping_status":"open","sticky":false,"template":"","format":"standard","meta":{"footnotes":""},"categories":[2],"tags":[],"class_list":["post-3488","post","type-post","status-publish","format-standard","hentry","category-noticias-do-dia"],"_links":{"self":[{"href":"https:\/\/www.saloanoticias.com\/v1\/wp-json\/wp\/v2\/posts\/3488","targetHints":{"allow":["GET"]}}],"collection":[{"href":"https:\/\/www.saloanoticias.com\/v1\/wp-json\/wp\/v2\/posts"}],"about":[{"href":"https:\/\/www.saloanoticias.com\/v1\/wp-json\/wp\/v2\/types\/post"}],"author":[{"embeddable":true,"href":"https:\/\/www.saloanoticias.com\/v1\/wp-json\/wp\/v2\/users\/1"}],"replies":[{"embeddable":true,"href":"https:\/\/www.saloanoticias.com\/v1\/wp-json\/wp\/v2\/comments?post=3488"}],"version-history":[{"count":0,"href":"https:\/\/www.saloanoticias.com\/v1\/wp-json\/wp\/v2\/posts\/3488\/revisions"}],"wp:attachment":[{"href":"https:\/\/www.saloanoticias.com\/v1\/wp-json\/wp\/v2\/media?parent=3488"}],"wp:term":[{"taxonomy":"category","embeddable":true,"href":"https:\/\/www.saloanoticias.com\/v1\/wp-json\/wp\/v2\/categories?post=3488"},{"taxonomy":"post_tag","embeddable":true,"href":"https:\/\/www.saloanoticias.com\/v1\/wp-json\/wp\/v2\/tags?post=3488"}],"curies":[{"name":"wp","href":"https:\/\/api.w.org\/{rel}","templated":true}]}}